{"id":49070,"date":"2024-03-07T06:44:34","date_gmt":"2024-03-07T12:44:34","guid":{"rendered":"https:\/\/elinformante.mx\/?p=49070"},"modified":"2024-03-07T06:44:35","modified_gmt":"2024-03-07T12:44:35","slug":"lo-cachan-manejando-auto-que-usaron-para-robar-esta-detenido","status":"publish","type":"post","link":"https:\/\/elinformante.mx\/?p=49070","title":{"rendered":"Lo \u201ccachan\u201d manejando auto que usaron para robar; est\u00e1 detenido"},"content":{"rendered":"\n<blockquote class=\"wp-block-quote is-layout-flow wp-block-quote-is-layout-flow\">\n<p>El tripulante fue detenido por su posible participaci\u00f3n en el delito de encubrimiento por receptaci\u00f3n.<\/p>\n<\/blockquote>\n\n\n\n<p>Efectivos de la Secretar\u00eda de Seguridad del Estado de M\u00e9xico (SSEM) localizaron un veh\u00edculo aparentemente utilizado en la comisi\u00f3n del robo de unidades y detuvieron a un hombre que viajaba a bordo, por su posible participaci\u00f3n en el delito de encubrimiento por receptaci\u00f3n.<br><\/p>\n\n\n\n<p>Polic\u00edas de la SSEM realizaban patrullajes preventivos cuando recibieron una alerta del Centro de Monitoreo estatal, para dar alcance a un automotor Pontiac Torrent, color gris, relacionado con una consigna operativa.<br><\/p>\n\n\n\n<figure class=\"wp-block-image size-large\"><img fetchpriority=\"high\" decoding=\"async\" width=\"1024\" height=\"503\" src=\"https:\/\/elinformante.mx\/wp-content\/uploads\/2024\/03\/13.2AUTOROBADO-1024x503.jpg\" alt=\"\" class=\"wp-image-49072\" srcset=\"https:\/\/elinformante.mx\/wp-content\/uploads\/2024\/03\/13.2AUTOROBADO-1024x503.jpg 1024w, https:\/\/elinformante.mx\/wp-content\/uploads\/2024\/03\/13.2AUTOROBADO-300x147.jpg 300w, https:\/\/elinformante.mx\/wp-content\/uploads\/2024\/03\/13.2AUTOROBADO-768x377.jpg 768w, https:\/\/elinformante.mx\/wp-content\/uploads\/2024\/03\/13.2AUTOROBADO-580x285.jpg 580w, https:\/\/elinformante.mx\/wp-content\/uploads\/2024\/03\/13.2AUTOROBADO-860x422.jpg 860w, https:\/\/elinformante.mx\/wp-content\/uploads\/2024\/03\/13.2AUTOROBADO.jpg 1140w\" sizes=\"(max-width: 1024px) 100vw, 1024px\" \/><\/figure>\n\n\n\n<p>Enseguida, los oficiales desplegaron un operativo de b\u00fasqueda y lo ubicaron sobre la avenida Central, por lo que le solicitaron al conductor detener la marcha para realizar una revisi\u00f3n apegada al protocolo de actuaci\u00f3n.<br><\/p>\n\n\n\n<p>Luego de informar a Emilio \u201cN\u201d de 34 a\u00f1os el constitutivo del delito, le hicieron de conocimiento los derechos que la ley consagra y junto con el veh\u00edculo, fue puesto a disposici\u00f3n de la Fiscal\u00eda Especializada en la Investigaci\u00f3n de Robo de Veh\u00edculos con sede en el municipio de Ecatepec, donde se determinar\u00e1 su situaci\u00f3n legal.<\/p>\n","protected":false},"excerpt":{"rendered":"<p>El tripulante fue detenido por su posible participaci\u00f3n en el delito de encubrimiento por receptaci\u00f3n. Efectivos de la Secretar\u00eda de Seguridad del Estado de M\u00e9xico (SSEM) localizaron un veh\u00edculo aparentemente utilizado en la comisi\u00f3n del robo de unidades y detuvieron a un hombre que viajaba a bordo, por su posible participaci\u00f3n en el delito de [&hellip;]<\/p>\n","protected":false},"author":1,"featured_media":49071,"comment_status":"closed","ping_status":"closed","sticky":false,"template":"","format":"standard","meta":{"footnotes":""},"categories":[36,37],"tags":[],"class_list":["post-49070","post","type-post","status-publish","format-standard","has-post-thumbnail","hentry","category-edomex","category-justicia"],"_links":{"self":[{"href":"https:\/\/elinformante.mx\/index.php?rest_route=\/wp\/v2\/posts\/49070","targetHints":{"allow":["GET"]}}],"collection":[{"href":"https:\/\/elinformante.mx\/index.php?rest_route=\/wp\/v2\/posts"}],"about":[{"href":"https:\/\/elinformante.mx\/index.php?rest_route=\/wp\/v2\/types\/post"}],"author":[{"embeddable":true,"href":"https:\/\/elinformante.mx\/index.php?rest_route=\/wp\/v2\/users\/1"}],"replies":[{"embeddable":true,"href":"https:\/\/elinformante.mx\/index.php?rest_route=%2Fwp%2Fv2%2Fcomments&post=49070"}],"version-history":[{"count":0,"href":"https:\/\/elinformante.mx\/index.php?rest_route=\/wp\/v2\/posts\/49070\/revisions"}],"wp:featuredmedia":[{"embeddable":true,"href":"https:\/\/elinformante.mx\/index.php?rest_route=\/wp\/v2\/media\/49071"}],"wp:attachment":[{"href":"https:\/\/elinformante.mx\/index.php?rest_route=%2Fwp%2Fv2%2Fmedia&parent=49070"}],"wp:term":[{"taxonomy":"category","embeddable":true,"href":"https:\/\/elinformante.mx\/index.php?rest_route=%2Fwp%2Fv2%2Fcategories&post=49070"},{"taxonomy":"post_tag","embeddable":true,"href":"https:\/\/elinformante.mx\/index.php?rest_route=%2Fwp%2Fv2%2Ftags&post=49070"}],"curies":[{"name":"wp","href":"https:\/\/api.w.org\/{rel}","templated":true}]}}