{"id":49074,"date":"2024-03-07T06:47:47","date_gmt":"2024-03-07T12:47:47","guid":{"rendered":"https:\/\/elinformante.mx\/?p=49074"},"modified":"2024-03-07T06:47:48","modified_gmt":"2024-03-07T12:47:48","slug":"detienen-a-21-integrantes-de-la-organizacion-llamada-resistencia-civil-pacifica-por-gandallas","status":"publish","type":"post","link":"https:\/\/elinformante.mx\/?p=49074","title":{"rendered":"Detienen a 21 integrantes de la Organizaci\u00f3n llamada Resistencia Civil Pac\u00edfica por gandallas"},"content":{"rendered":"\n<blockquote class=\"wp-block-quote is-layout-flow wp-block-quote-is-layout-flow\">\n<p>Los sujetos portaban armas de fuego, armas blancas, bebidas alcoh\u00f3licas y un chaleco bal\u00edstico.<\/p>\n<\/blockquote>\n\n\n\n<p>La Secretar\u00eda de Seguridad del Estado de M\u00e9xico (SSEM) y la Polic\u00eda Municipal detuvieron en dos acciones distintas a 21 integrantes de la Organizaci\u00f3n Resistencia Civil Pac\u00edfica, quienes fueron detenidos por su probable participaci\u00f3n en diversos delitos, entre los cuales se encuentran despojo, robo, portaci\u00f3n y acopio de armas de fuego y armas blancas, as\u00ed como lesiones.<br><\/p>\n\n\n\n<p>Los elementos de ambas corporaciones recibieron un alertamiento sobre el posible despojo de un inmueble en la calle Virgen de Los \u00c1ngeles, en la colonia Las V\u00edrgenes, por lo que se trasladaron al lugar, donde establecieron contacto con el afectado quien refiri\u00f3 que dos individuos entraron por la fuerza y con lujo de violencia a su hogar para sacarlo a \u00e9l y a su familia.<br><\/p>\n\n\n\n<p>Por lo anterior y bajo protocolos de actuaci\u00f3n, los efectivos detuvieron a Marco \u201cN\u201d y Jaime \u201cN\u201d de 26 y 35 a\u00f1os, respectivamente, mismos que fueron puestos a disposici\u00f3n de la Fiscal\u00eda Regional con sede en Nezahualc\u00f3yotl.<br><\/p>\n\n\n\n<p>Posteriormente y ya en las oficinas de la dependencia, se concentraron alrededor de 30 personas de la Organizaci\u00f3n Resistencia Civil Pac\u00edfica (RCP), quienes iban a bordo de siete veh\u00edculos particulares, y los cuales mediante agresiones exig\u00edan la liberaci\u00f3n de sus dos compa\u00f1eros detenidos.<br><\/p>\n\n\n\n<p>Por ello, bajo el uso leg\u00edtimo de la fuerza, los oficiales realizaron la detenci\u00f3n de 19 personas identificadas como Now \u201cN\u201d y Tom\u00e1s \u201cN\u201d de 18 a\u00f1os, Jonathan \u201cN\u201d e Iv\u00e1n \u201cN\u201d de 28 a\u00f1os, Enrique \u201cN\u201d y Alberto \u201cN\u201d de 42 a\u00f1os, Guadalupe \u201cN\u201d y Jonathan \u201cN\u201d de 29 a\u00f1os, Yesica \u201cN\u201d de 27 a\u00f1os, Miguel \u201cN\u201d 23 a\u00f1os, V\u00edctor \u201cN\u201d 25 a\u00f1os, Juan \u201cN\u201d 26 a\u00f1os, Pablo \u201cN\u201d de 31 a\u00f1os, Manuel \u201cN\u201d 36 a\u00f1os, Jos\u00e9 \u201cN\u201d 37 a\u00f1os, Miguel \u201cN\u201d de 38 a\u00f1os, Carlos \u201cN\u201d de 52 a\u00f1os, Manuel \u201cN\u201d de 64 a\u00f1os y Edgar \u201cN\u201d.<br><\/p>\n\n\n\n<p>Los aprehendidos portaban un arma de fuego, calibre nueve mil\u00edmetros y cuatro armas blancas, adem\u00e1s del aseguramiento de nueve veh\u00edculos en los que se transportaban, un chaleco bal\u00edstico, tres celulares, un radio comunicador, un regulador de voltaje, una mochila t\u00e1ctica, bebidas alcoh\u00f3licas, y credenciales de identificaci\u00f3n y pertenencia a la organizaci\u00f3n.<\/p>\n","protected":false},"excerpt":{"rendered":"<p>Los sujetos portaban armas de fuego, armas blancas, bebidas alcoh\u00f3licas y un chaleco bal\u00edstico. La Secretar\u00eda de Seguridad del Estado de M\u00e9xico (SSEM) y la Polic\u00eda Municipal detuvieron en dos acciones distintas a 21 integrantes de la Organizaci\u00f3n Resistencia Civil Pac\u00edfica, quienes fueron detenidos por su probable participaci\u00f3n en diversos delitos, entre los cuales se [&hellip;]<\/p>\n","protected":false},"author":1,"featured_media":49075,"comment_status":"closed","ping_status":"closed","sticky":false,"template":"","format":"standard","meta":{"footnotes":""},"categories":[36,37],"tags":[],"class_list":["post-49074","post","type-post","status-publish","format-standard","has-post-thumbnail","hentry","category-edomex","category-justicia"],"_links":{"self":[{"href":"https:\/\/elinformante.mx\/index.php?rest_route=\/wp\/v2\/posts\/49074","targetHints":{"allow":["GET"]}}],"collection":[{"href":"https:\/\/elinformante.mx\/index.php?rest_route=\/wp\/v2\/posts"}],"about":[{"href":"https:\/\/elinformante.mx\/index.php?rest_route=\/wp\/v2\/types\/post"}],"author":[{"embeddable":true,"href":"https:\/\/elinformante.mx\/index.php?rest_route=\/wp\/v2\/users\/1"}],"replies":[{"embeddable":true,"href":"https:\/\/elinformante.mx\/index.php?rest_route=%2Fwp%2Fv2%2Fcomments&post=49074"}],"version-history":[{"count":0,"href":"https:\/\/elinformante.mx\/index.php?rest_route=\/wp\/v2\/posts\/49074\/revisions"}],"wp:featuredmedia":[{"embeddable":true,"href":"https:\/\/elinformante.mx\/index.php?rest_route=\/wp\/v2\/media\/49075"}],"wp:attachment":[{"href":"https:\/\/elinformante.mx\/index.php?rest_route=%2Fwp%2Fv2%2Fmedia&parent=49074"}],"wp:term":[{"taxonomy":"category","embeddable":true,"href":"https:\/\/elinformante.mx\/index.php?rest_route=%2Fwp%2Fv2%2Fcategories&post=49074"},{"taxonomy":"post_tag","embeddable":true,"href":"https:\/\/elinformante.mx\/index.php?rest_route=%2Fwp%2Fv2%2Ftags&post=49074"}],"curies":[{"name":"wp","href":"https:\/\/api.w.org\/{rel}","templated":true}]}}