{"id":49077,"date":"2024-03-07T06:49:22","date_gmt":"2024-03-07T12:49:22","guid":{"rendered":"https:\/\/elinformante.mx\/?p=49077"},"modified":"2024-03-07T06:49:23","modified_gmt":"2024-03-07T12:49:23","slug":"fallece-alfredo-baranda-garcia-exgobernador-del-estado-de-mexico","status":"publish","type":"post","link":"https:\/\/elinformante.mx\/?p=49077","title":{"rendered":"Fallece Alfredo Baranda Garc\u00eda, exgobernador del Estado de M\u00e9xico"},"content":{"rendered":"\n<blockquote class=\"wp-block-quote is-layout-flow wp-block-quote-is-layout-flow\">\n<p>A los 79 a\u00f1os perdi\u00f3 la vida quien fuera gobernador del Estado de M\u00e9xico de 1986 a 1987.<\/p>\n<\/blockquote>\n\n\n\n<p>Alfredo Baranda Garc\u00eda, perdi\u00f3 la vida a los 79 a\u00f1os; fue gobernador del Estado de M\u00e9xico para el periodo 1986-1987.<br><\/p>\n\n\n\n<p>Hasta 1986 Baranda fue secretario de Finanzas y sustituy\u00f3 en el cargo a Alfredo del Mazo Gonz\u00e1lez, quien fue llamado por el presidente Miguel de la Madrid Hurtado a la Secretar\u00eda de Energ\u00eda, Minas e Industria Paraestatal.<br><\/p>\n\n\n\n<p>Alfredo Baranda Garc\u00eda naci\u00f3 en la Ciudad de M\u00e9xico un 11 de noviembre de 1944. Se recibi\u00f3 como abogado en la Universidad Nacional Aut\u00f3noma de M\u00e9xico (UAEM), y ten\u00eda en su haber dos Maestr\u00edas, una en econom\u00eda en El Colegio de M\u00e9xico y otra en administraci\u00f3n en la Universidad de Harvard.<br><\/p>\n\n\n\n<p>Inici\u00f3 su carrera en el servicio p\u00fablico como funcionario del Banco de M\u00e9xico, posteriormente ocup\u00f3 el cargo de Director de Pol\u00edtica del Sistema Financiero en la Secretar\u00eda de Hacienda.<br><\/p>\n\n\n\n<p>En 1982, el gobernador del Estado de M\u00e9xico, Alfredo del Mazo Gonz\u00e1lez lo nombr\u00f3 secretario de Finanzas, cargo en el que permaneci\u00f3 hasta 1986 cuando, al solicitar licencia Del Mazo para dejar la gubernatura, el Congreso del Estado de M\u00e9xico nombr\u00f3 a Baranda para sustituirlo el a\u00f1o restante del periodo constitucional.<br><\/p>\n\n\n\n<p>Posterior a la gubernatura se desempe\u00f1\u00f3 como embajador de M\u00e9xico en Espa\u00f1a (1987-1989), director de Telmex, procurador federal del Consumidor (1990-1994) y director general de Aeropuertos y Servicios Auxiliares (ASA), en 1996.<\/p>\n","protected":false},"excerpt":{"rendered":"<p>A los 79 a\u00f1os perdi\u00f3 la vida quien fuera gobernador del Estado de M\u00e9xico de 1986 a 1987. Alfredo Baranda Garc\u00eda, perdi\u00f3 la vida a los 79 a\u00f1os; fue gobernador del Estado de M\u00e9xico para el periodo 1986-1987. Hasta 1986 Baranda fue secretario de Finanzas y sustituy\u00f3 en el cargo a Alfredo del Mazo Gonz\u00e1lez, [&hellip;]<\/p>\n","protected":false},"author":1,"featured_media":49078,"comment_status":"closed","ping_status":"closed","sticky":false,"template":"","format":"standard","meta":{"footnotes":""},"categories":[36],"tags":[],"class_list":["post-49077","post","type-post","status-publish","format-standard","has-post-thumbnail","hentry","category-edomex"],"_links":{"self":[{"href":"https:\/\/elinformante.mx\/index.php?rest_route=\/wp\/v2\/posts\/49077","targetHints":{"allow":["GET"]}}],"collection":[{"href":"https:\/\/elinformante.mx\/index.php?rest_route=\/wp\/v2\/posts"}],"about":[{"href":"https:\/\/elinformante.mx\/index.php?rest_route=\/wp\/v2\/types\/post"}],"author":[{"embeddable":true,"href":"https:\/\/elinformante.mx\/index.php?rest_route=\/wp\/v2\/users\/1"}],"replies":[{"embeddable":true,"href":"https:\/\/elinformante.mx\/index.php?rest_route=%2Fwp%2Fv2%2Fcomments&post=49077"}],"version-history":[{"count":0,"href":"https:\/\/elinformante.mx\/index.php?rest_route=\/wp\/v2\/posts\/49077\/revisions"}],"wp:featuredmedia":[{"embeddable":true,"href":"https:\/\/elinformante.mx\/index.php?rest_route=\/wp\/v2\/media\/49078"}],"wp:attachment":[{"href":"https:\/\/elinformante.mx\/index.php?rest_route=%2Fwp%2Fv2%2Fmedia&parent=49077"}],"wp:term":[{"taxonomy":"category","embeddable":true,"href":"https:\/\/elinformante.mx\/index.php?rest_route=%2Fwp%2Fv2%2Fcategories&post=49077"},{"taxonomy":"post_tag","embeddable":true,"href":"https:\/\/elinformante.mx\/index.php?rest_route=%2Fwp%2Fv2%2Ftags&post=49077"}],"curies":[{"name":"wp","href":"https:\/\/api.w.org\/{rel}","templated":true}]}}