{"id":49080,"date":"2024-03-07T06:50:53","date_gmt":"2024-03-07T12:50:53","guid":{"rendered":"https:\/\/elinformante.mx\/?p=49080"},"modified":"2024-03-07T06:50:54","modified_gmt":"2024-03-07T12:50:54","slug":"proyectan-operativo-de-seguridad-en-nezahualcoyotl","status":"publish","type":"post","link":"https:\/\/elinformante.mx\/?p=49080","title":{"rendered":"Proyectan operativo de seguridad en Nezahualc\u00f3yotl"},"content":{"rendered":"\n<blockquote class=\"wp-block-quote is-layout-flow wp-block-quote-is-layout-flow\">\n<p>De acuerdo con lo informado, en una acci\u00f3n coordinada entre la FGJEM, Guardia Nacional, SSEM y Polic\u00eda Municipal del municipio nezatlense, fueron aprehendidos 24 generadores de violencia.<\/p>\n<\/blockquote>\n\n\n\n<p>En la sesi\u00f3n 43 de la Mesa de Coordinaci\u00f3n para la Construcci\u00f3n de la Paz, la Fiscal\u00eda General de Justicia del Estado de M\u00e9xico (FGJEM) comparti\u00f3 informaci\u00f3n sobre acciones operativas realizadas en Nezahualc\u00f3yotl.<br><\/p>\n\n\n\n<p>De acuerdo con el informe, se logr\u00f3 la detenci\u00f3n de 24 presuntos generadores de violencia posiblemente relacionados con delitos de despojo, robo y otros delitos que afectan a la ciudadan\u00eda.<br><\/p>\n\n\n\n<p>Se trata de 24 personas detenidas: dos en una primera acci\u00f3n y 22 que trataron de rescatarlos (20 hombres y dos mujeres).<br><\/p>\n\n\n\n<p>En estas acciones operativas participaron elementos de la Secretar\u00eda de Seguridad estatal, la Guardia Nacional, la Comisi\u00f3n Nacional Antihomicidio, la FGJEM y Polic\u00eda Municipal. Los detenidos fueron puestos a disposici\u00f3n del Agente del Ministerio P\u00fablico para determinar su situaci\u00f3n jur\u00eddica.<br><\/p>\n\n\n\n<p>En la reuni\u00f3n de este d\u00eda participaron la Gobernadora del Estado de M\u00e9xico, el Secretario General de Gobierno, el Fiscal General de Justicia de la entidad mexiquense, y la Subsecretaria de Polic\u00eda Estatal.<br><\/p>\n\n\n\n<p>Tambi\u00e9n representantes de las Secretar\u00edas de Marina, de la Defensa Nacional, de la Guardia Nacional, y del Centro Nacional de Inteligencia en el Estado de M\u00e9xico, entre otros.<\/p>\n","protected":false},"excerpt":{"rendered":"<p>De acuerdo con lo informado, en una acci\u00f3n coordinada entre la FGJEM, Guardia Nacional, SSEM y Polic\u00eda Municipal del municipio nezatlense, fueron aprehendidos 24 generadores de violencia. En la sesi\u00f3n 43 de la Mesa de Coordinaci\u00f3n para la Construcci\u00f3n de la Paz, la Fiscal\u00eda General de Justicia del Estado de M\u00e9xico (FGJEM) comparti\u00f3 informaci\u00f3n sobre [&hellip;]<\/p>\n","protected":false},"author":1,"featured_media":49081,"comment_status":"closed","ping_status":"closed","sticky":false,"template":"","format":"standard","meta":{"footnotes":""},"categories":[36],"tags":[],"class_list":["post-49080","post","type-post","status-publish","format-standard","has-post-thumbnail","hentry","category-edomex"],"_links":{"self":[{"href":"https:\/\/elinformante.mx\/index.php?rest_route=\/wp\/v2\/posts\/49080","targetHints":{"allow":["GET"]}}],"collection":[{"href":"https:\/\/elinformante.mx\/index.php?rest_route=\/wp\/v2\/posts"}],"about":[{"href":"https:\/\/elinformante.mx\/index.php?rest_route=\/wp\/v2\/types\/post"}],"author":[{"embeddable":true,"href":"https:\/\/elinformante.mx\/index.php?rest_route=\/wp\/v2\/users\/1"}],"replies":[{"embeddable":true,"href":"https:\/\/elinformante.mx\/index.php?rest_route=%2Fwp%2Fv2%2Fcomments&post=49080"}],"version-history":[{"count":0,"href":"https:\/\/elinformante.mx\/index.php?rest_route=\/wp\/v2\/posts\/49080\/revisions"}],"wp:featuredmedia":[{"embeddable":true,"href":"https:\/\/elinformante.mx\/index.php?rest_route=\/wp\/v2\/media\/49081"}],"wp:attachment":[{"href":"https:\/\/elinformante.mx\/index.php?rest_route=%2Fwp%2Fv2%2Fmedia&parent=49080"}],"wp:term":[{"taxonomy":"category","embeddable":true,"href":"https:\/\/elinformante.mx\/index.php?rest_route=%2Fwp%2Fv2%2Fcategories&post=49080"},{"taxonomy":"post_tag","embeddable":true,"href":"https:\/\/elinformante.mx\/index.php?rest_route=%2Fwp%2Fv2%2Ftags&post=49080"}],"curies":[{"name":"wp","href":"https:\/\/api.w.org\/{rel}","templated":true}]}}