{"id":49102,"date":"2024-03-07T07:30:18","date_gmt":"2024-03-07T13:30:18","guid":{"rendered":"https:\/\/elinformante.mx\/?p=49102"},"modified":"2024-03-07T07:30:19","modified_gmt":"2024-03-07T13:30:19","slug":"cuatro-de-cada-10-ataques-en-contra-de-periodistas-son-de-funcionarios-publicos","status":"publish","type":"post","link":"https:\/\/elinformante.mx\/?p=49102","title":{"rendered":"Cuatro de cada 10 ataques en contra de periodistas son de funcionarios p\u00fablicos"},"content":{"rendered":"\n<blockquote class=\"wp-block-quote is-layout-flow wp-block-quote-is-layout-flow\">\n<p>Del a\u00f1o 2000 a la fecha, 163 periodistas han sido asesinados, de ellos 43 se han registrado en el actual gobierno.<\/p>\n<\/blockquote>\n\n\n\n<p>La organizaci\u00f3n de protecci\u00f3n a los derechos humanos Amnist\u00eda Internacional inform\u00f3 que 4 de cada 10 ataques contra periodistas y trabajadores de los medios de comunicaci\u00f3n en nuestro pa\u00eds han sido obras, probablemente de funcionarios p\u00fablicos.<br><\/p>\n\n\n\n<p>De ah\u00ed que Jan-Albert Hootsen, representante del CPJ en M\u00e9xico, manifest\u00f3: \u201cdespu\u00e9s de los de incesante derramamiento de sangre e impunidad corrosiva, ha llegado el momento de que el Estado mexicano act\u00fae y demuestre que finalmente est\u00e1 dispuesto a tomar en serio sus obligaciones con respecto a la libertad de prensa\u201d.<br><\/p>\n\n\n\n<p>Es importante recordar que Articulo 19 asegura que del 2000 a la fecha 163 periodistas han sido asesinados, de ellos 43 se han registrado en el actual gobierno.<br><\/p>\n\n\n\n<p>Amnist\u00eda Internacional detall\u00f3 que desde octubre del 2012 a noviembre del a\u00f1o pasado, el Mecanismo de Protecci\u00f3n para personas defensoras de derechos humanos y periodistas registr\u00f3 un total de 832 ataques.<br><\/p>\n\n\n\n<p>A noviembre de 2023, hab\u00eda 651 periodistas inscritos en el Mecanismo: 469 hombres y 182 mujeres. Pero el n\u00famero de solicitudes de protecci\u00f3n que el Mecanismo ha rechazado ha aumentado considerablemente en los \u00faltimos a\u00f1os, pasando de solo una en 2020 a 14 en 2021, 49 en 2022 y otras 49 en los primeros once meses de 2023.<br><\/p>\n\n\n\n<p>En la presentaci\u00f3n de El informe, \u2018Nadie garantiza mi seguridad\u2019: La urgente necesidad de fortalecer las pol\u00edticas federales de M\u00e9xico para la protecci\u00f3n de periodistas, Neldy San Mart\u00edn, Jefa de Informaci\u00f3n de Animal Pol\u00edtico; Edith Olivares Ferreto, Directora Ejecutiva de Amnist\u00eda Internacional M\u00e9xico; Alberto Amaro Jord\u00e1n, periodista y Jean Albert Hootsen, representante de CPJ, resaltaron que ocho periodistas han sido asesinados mientras estaban inscritos en el Mecanismo para la Protecci\u00f3n de Personas Defensoras de Derechos Humanos y Periodistas de M\u00e9xico en los \u00faltimos siete a\u00f1os.<br><\/p>\n\n\n\n<p>El Mecanismo Federal para la Protecci\u00f3n de Personas Defensoras de Derechos Humanos y Periodistas sigue siendo una parte crucial de los esfuerzos del gobierno en M\u00e9xico para hacer del pa\u00eds un lugar m\u00e1s seguro para los periodistas, pero solo puede cumplir ese papel si aborda adecuadamente sus propias fallas\u201d, declar\u00f3 Jan-Albert Hootsen, representante del CPJ en M\u00e9xico.<br><\/p>\n\n\n\n<p>Los ponentes resaltaron que desde el cambio de siglo, al menos 141 periodistas y otros trabajadores de los medios de comunicaci\u00f3n han sido asesinados, seg\u00fan la investigaci\u00f3n del CPJ; Se descubri\u00f3 que al menos 61 de esos asesinatos estaban directamente relacionados con su trabajo.<br><\/p>\n\n\n\n<p>La impunidad es la norma en los cr\u00edmenes contra la prensa; De acuerdo con el \u00cdndice Global de Impunidad anual del CPJ, M\u00e9xico se ubica constantemente entre los diez pa\u00edses con el mayor n\u00famero de asesinatos de periodistas que siguen sin resolverse. El CPJ tambi\u00e9n ha concluido que M\u00e9xico es el pa\u00eds con el mayor n\u00famero de periodistas desaparecidos en el mundo, sin embargo, ni un solo caso de periodista desaparecido en M\u00e9xico ha dado lugar a una condena.<br><\/p>\n\n\n\n<p>En los \u00faltimos 18 meses, Amnist\u00eda Internacional y el CPJ examinaron el Mecanismo mediante solicitudes de libertad de informaci\u00f3n ante el Instituto Nacional de Acceso a la Informaci\u00f3n y Protecci\u00f3n de Datos Personales de M\u00e9xico y examinaron una amplia gama de informaci\u00f3n disponible p\u00fablicamente sobre la instituci\u00f3n.<br><\/p>\n\n\n\n<p>Ambas organizaciones rese\u00f1aron tres casos emblem\u00e1ticos de reporteros que se inscribieron en el Mecanismo: Gustavo S\u00e1nchez, Rub\u00e9n Pat Cauich y Alberto Amaro Jord\u00e1n. S\u00e1nchez y Pat fueron asesinados mientras te\u00f3ricamente estaban bajo la protecci\u00f3n del Mecanismo, y son dolorosos recordatorios de las consecuencias de una protecci\u00f3n inadecuada por parte de la agencia gubernamental.<br><\/p>\n\n\n\n<p>Entre otras recomendaciones, Amnist\u00eda Internacional y el CPJ instan a las autoridades mexicanas a garantizar un financiamiento adecuado y capacitar adecuadamente al personal del Mecanismo, revisar sus procesos de evaluaci\u00f3n de riesgo e implementar una perspectiva de g\u00e9nero en sus protocolos para abordar mejor las necesidades espec\u00edficas de las mujeres periodistas.<\/p>\n","protected":false},"excerpt":{"rendered":"<p>Del a\u00f1o 2000 a la fecha, 163 periodistas han sido asesinados, de ellos 43 se han registrado en el actual gobierno. La organizaci\u00f3n de protecci\u00f3n a los derechos humanos Amnist\u00eda Internacional inform\u00f3 que 4 de cada 10 ataques contra periodistas y trabajadores de los medios de comunicaci\u00f3n en nuestro pa\u00eds han sido obras, probablemente de [&hellip;]<\/p>\n","protected":false},"author":1,"featured_media":49103,"comment_status":"closed","ping_status":"closed","sticky":false,"template":"","format":"standard","meta":{"footnotes":""},"categories":[34],"tags":[],"class_list":["post-49102","post","type-post","status-publish","format-standard","has-post-thumbnail","hentry","category-nacional"],"_links":{"self":[{"href":"https:\/\/elinformante.mx\/index.php?rest_route=\/wp\/v2\/posts\/49102","targetHints":{"allow":["GET"]}}],"collection":[{"href":"https:\/\/elinformante.mx\/index.php?rest_route=\/wp\/v2\/posts"}],"about":[{"href":"https:\/\/elinformante.mx\/index.php?rest_route=\/wp\/v2\/types\/post"}],"author":[{"embeddable":true,"href":"https:\/\/elinformante.mx\/index.php?rest_route=\/wp\/v2\/users\/1"}],"replies":[{"embeddable":true,"href":"https:\/\/elinformante.mx\/index.php?rest_route=%2Fwp%2Fv2%2Fcomments&post=49102"}],"version-history":[{"count":0,"href":"https:\/\/elinformante.mx\/index.php?rest_route=\/wp\/v2\/posts\/49102\/revisions"}],"wp:featuredmedia":[{"embeddable":true,"href":"https:\/\/elinformante.mx\/index.php?rest_route=\/wp\/v2\/media\/49103"}],"wp:attachment":[{"href":"https:\/\/elinformante.mx\/index.php?rest_route=%2Fwp%2Fv2%2Fmedia&parent=49102"}],"wp:term":[{"taxonomy":"category","embeddable":true,"href":"https:\/\/elinformante.mx\/index.php?rest_route=%2Fwp%2Fv2%2Fcategories&post=49102"},{"taxonomy":"post_tag","embeddable":true,"href":"https:\/\/elinformante.mx\/index.php?rest_route=%2Fwp%2Fv2%2Ftags&post=49102"}],"curies":[{"name":"wp","href":"https:\/\/api.w.org\/{rel}","templated":true}]}}