{"id":49228,"date":"2024-03-11T06:49:22","date_gmt":"2024-03-11T12:49:22","guid":{"rendered":"https:\/\/elinformante.mx\/?p=49228"},"modified":"2024-03-11T06:49:23","modified_gmt":"2024-03-11T12:49:23","slug":"confirman-secuela-de-super-mario-bros-la-pelicula","status":"publish","type":"post","link":"https:\/\/elinformante.mx\/?p=49228","title":{"rendered":"Confirman secuela de \u201cSuper Mario Bros: La pel\u00edcula\u201d"},"content":{"rendered":"\n<blockquote class=\"wp-block-quote is-layout-flow wp-block-quote-is-layout-flow\">\n<p>La noticia era m\u00e1s que evidente luego del \u00e9xito que result\u00f3 ser la primera parte.<\/p>\n<\/blockquote>\n\n\n\n<p>Nintendo confirm\u00f3 este domingo que habr\u00e1 una secuela de Super Mario Bros: La pel\u00edcula (2023), que se estrenar\u00e1 el 30 de abril de 2026 en Estados Unidos y en \u201cmuchos otros pa\u00edses\u201d, precis\u00f3 el presidente de los estudios Illumination, Chris Meledandri, que realizar\u00e1n el filme junto a la compa\u00f1\u00eda japonesa de videojuegos.<br><\/p>\n\n\n\n<p>\u201cNuestros directores, Aaron Horvath y Michael Jelenic y nuestros talentosos artistas de los estudios de Illumination en Par\u00eds que dieron vida al Reino Champi\u00f1\u00f3n en \u2018Super Mario Bros: La pel\u00edcula\u2019, han estado ocupados desarrollando bocetos para el guion y dise\u00f1ando poco a poco nuevos escenarios\u201d, ha explicado Meledandri en un v\u00eddeo lanzado con motivo del \u2018Mario Day\u2019.<br><\/p>\n\n\n\n<p>El creador del personaje, Shigeru Miyamoto, dijo por su parte que a\u00fan no tienen detalles que contar de la nueva pel\u00edcula y se limit\u00f3 a se\u00f1alar que \u201cse expandir\u00e1\u201d el universo de Super Mario Bros.<br><\/p>\n\n\n\n<p>Tambi\u00e9n anunci\u00f3 las fechas de lanzamiento de nuevos juegos de la saga, \u2018Paper Mario: La Puerta Milenaria\u2019 (23 de mayo de 2024) y \u2018Luigi\u2019s Mansion 2 HD\u2019 (27 de junio de 2024).<br><\/p>\n\n\n\n<p>Los aficionados de Super Mario celebran cada 10 de marzo el d\u00eda internacional del fontanero m\u00e1s famoso de siempre, que cuarenta a\u00f1os despu\u00e9s de su primera aparici\u00f3n, sigue en pleno auge de popularidad gracias al incesante lanzamiento de videojuegos, pel\u00edculas o contenido de todo tipo relacionado con su universo.<br><\/p>\n\n\n\n<p>Y se eligi\u00f3 el d\u00eda 10 de marzo como el d\u00eda oficial de Super Mario por el parecido visual de la abreviatura de la fecha (\u2018mar10\u2019) con el nombre \u2018Mario\u2019.<br><\/p>\n\n\n\n<p>No obstante, el cumplea\u00f1os de Mario, en sentido estricto, es el 13 de septiembre, pues en dicha fecha, en 1985, el bigotudo personaje apareci\u00f3 por primera vez en los hogares de Jap\u00f3n, a trav\u00e9s del videojuego \u2018Super Mario Bros\u2019 para la consola Famicom, que se comercializar\u00eda en Am\u00e9rica y Europa con el nombre de Nintendo Entertainment System (NES).<br><\/p>\n\n\n\n<p>Se han lanzado m\u00e1s de un centenar de juegos y ha vendido m\u00e1s de 421 millones de copias de sus aventuras en todo el planeta y m\u00e1s de 10 millones en formato f\u00edsico en Espa\u00f1a, seg\u00fan los datos de Nintendo.<br><\/p>\n\n\n\n<p>Siempre fiel a sus se\u00f1as de identidad \u2014un bigote, una gorra roja y un peto azul\u2014, a lo largo de los a\u00f1os, se ha ido rodeando de un nutrido e inseparable grupo de amigos que le acompa\u00f1an en sus aventuras. El primero fue su hermano Luigi, que estuvo a su lado casi desde el principio. Despu\u00e9s llegaron la princesa Peach y Toad, la princesa Daisy, el dinosaurio Yoshi o Toadette, entre muchos otros.<br><\/p>\n\n\n\n<p>A lo largo de los m\u00e1s de cien juegos que ha protagonizado, Mario ha estado presente en todas y cada una las consolas de Nintendo; donde se ha podido transformar, gracias a sus m\u00edticos potenciadores, con la gorra con alas \u2014en \u201cSuper Mario 64\u201d (1996), de Nintendo 64\u2014; que permit\u00eda que Mario surcara los cielos.<br><\/p>\n\n\n\n<p>Una de las sagas m\u00e1s populares de este universo es la de \u2018Mario Kart\u2019 y, de hecho, \u2018Mario Kart 8 Deluxe\u2019\u201d, el t\u00edtulo m\u00e1s reciente de esta serie, es el juego m\u00e1s popular de Nintendo Switch.<br><\/p>\n\n\n\n<p>Desde su lanzamiento en 2017 hasta diciembre de 2023 ha vendido m\u00e1s de 60,58 millones de copias en todo el mundo. De ellas, m\u00e1s de 1,2 millones adquirieron el t\u00edtulo en Espa\u00f1a.<br><\/p>\n\n\n\n<p>Entre los hitos que mejor reflejan el impacto de Mario, destaca el Pr\u00edncipe de Asturias de Comunicaci\u00f3n y Humanidades que recibi\u00f3 Miyamoto en 2012.<\/p>\n","protected":false},"excerpt":{"rendered":"<p>La noticia era m\u00e1s que evidente luego del \u00e9xito que result\u00f3 ser la primera parte. Nintendo confirm\u00f3 este domingo que habr\u00e1 una secuela de Super Mario Bros: La pel\u00edcula (2023), que se estrenar\u00e1 el 30 de abril de 2026 en Estados Unidos y en \u201cmuchos otros pa\u00edses\u201d, precis\u00f3 el presidente de los estudios Illumination, Chris [&hellip;]<\/p>\n","protected":false},"author":1,"featured_media":49229,"comment_status":"closed","ping_status":"closed","sticky":false,"template":"","format":"standard","meta":{"footnotes":""},"categories":[30,39],"tags":[],"class_list":["post-49228","post","type-post","status-publish","format-standard","has-post-thumbnail","hentry","category-destacado","category-espectaculos"],"_links":{"self":[{"href":"https:\/\/elinformante.mx\/index.php?rest_route=\/wp\/v2\/posts\/49228","targetHints":{"allow":["GET"]}}],"collection":[{"href":"https:\/\/elinformante.mx\/index.php?rest_route=\/wp\/v2\/posts"}],"about":[{"href":"https:\/\/elinformante.mx\/index.php?rest_route=\/wp\/v2\/types\/post"}],"author":[{"embeddable":true,"href":"https:\/\/elinformante.mx\/index.php?rest_route=\/wp\/v2\/users\/1"}],"replies":[{"embeddable":true,"href":"https:\/\/elinformante.mx\/index.php?rest_route=%2Fwp%2Fv2%2Fcomments&post=49228"}],"version-history":[{"count":0,"href":"https:\/\/elinformante.mx\/index.php?rest_route=\/wp\/v2\/posts\/49228\/revisions"}],"wp:featuredmedia":[{"embeddable":true,"href":"https:\/\/elinformante.mx\/index.php?rest_route=\/wp\/v2\/media\/49229"}],"wp:attachment":[{"href":"https:\/\/elinformante.mx\/index.php?rest_route=%2Fwp%2Fv2%2Fmedia&parent=49228"}],"wp:term":[{"taxonomy":"category","embeddable":true,"href":"https:\/\/elinformante.mx\/index.php?rest_route=%2Fwp%2Fv2%2Fcategories&post=49228"},{"taxonomy":"post_tag","embeddable":true,"href":"https:\/\/elinformante.mx\/index.php?rest_route=%2Fwp%2Fv2%2Ftags&post=49228"}],"curies":[{"name":"wp","href":"https:\/\/api.w.org\/{rel}","templated":true}]}}