{"id":49235,"date":"2024-03-11T06:53:29","date_gmt":"2024-03-11T12:53:29","guid":{"rendered":"https:\/\/elinformante.mx\/?p=49235"},"modified":"2024-03-11T06:53:31","modified_gmt":"2024-03-11T12:53:31","slug":"impulsa-ieem-acciones-afirmativas-para-empoderar-a-las-mujeres","status":"publish","type":"post","link":"https:\/\/elinformante.mx\/?p=49235","title":{"rendered":"Impulsa IEEM acciones afirmativas para empoderar a las mujeres"},"content":{"rendered":"\n<blockquote class=\"wp-block-quote is-layout-flow wp-block-quote-is-layout-flow\">\n<p>\u201cM\u00e1s mujeres en puestos de poder, impulsan a otras mujeres\u201d: Amalia Pulido<\/p>\n<\/blockquote>\n\n\n\n<p>En su Conferencia Magistral Los derechos pol\u00edtico electorales de las mujeres en el Estado de M\u00e9xico, la Consejera Presidenta del Instituto Electoral del Estado de M\u00e9xico (IEEM), Amalia Pulido G\u00f3mez, afirm\u00f3 que \u201cm\u00e1s mujeres en puestos de poder, impulsan a otras mujeres\u201d.<br><\/p>\n\n\n\n<p>Dicha presentaci\u00f3n se llev\u00f3 a cabo como parte del Congreso Internacional Mujeres, Gobierno, Democracia y Derechos Humanos y Primer Encuentro Acad\u00e9mico de Feministas en la Facultad de Derecho de la Universidad Aut\u00f3noma del Estado de M\u00e9xico (UAEM\u00e9x) donde Pulido G\u00f3mez disert\u00f3 sobre las cuotas de g\u00e9nero y los bloques de competitividad que asegurar\u00e1n la participaci\u00f3n pol\u00edtica de las mujeres en la Elecci\u00f3n de Diputaciones Locales y Ayuntamientos 2024.<br><\/p>\n\n\n\n<p>Explic\u00f3 que para este proceso electoral se implementar\u00e1n Acciones Afirmativas que asegurar\u00e1n lugares en los puestos de poder a grupos que hist\u00f3ricamente han sido discriminados, en el caso particular de las mujeres, su ejecuci\u00f3n estar\u00e1 acompa\u00f1ada de mecanismos que evitan la simulaci\u00f3n.<br><\/p>\n\n\n\n<p>Detall\u00f3 que los bloques de competitividad garantizan que exista proporcionalidad en la contienda, a trav\u00e9s de la aplicaci\u00f3n de una f\u00f3rmula que divide la entidad en tres bloques: baja, media y alta competitividad; 50 por ciento de cada uno de ellos debe ser designado para mujeres y 50 por ciento para hombres, evitando as\u00ed que estas sean postuladas \u00fanicamente en lugares donde las fuerzas pol\u00edticas tienen pocas posibilidades de ganar.<br><\/p>\n\n\n\n<figure class=\"wp-block-image size-large\"><img fetchpriority=\"high\" decoding=\"async\" width=\"1024\" height=\"503\" src=\"https:\/\/elinformante.mx\/wp-content\/uploads\/2024\/03\/12.2IEEM-1-1024x503.jpg\" alt=\"\" class=\"wp-image-49237\" srcset=\"https:\/\/elinformante.mx\/wp-content\/uploads\/2024\/03\/12.2IEEM-1-1024x503.jpg 1024w, https:\/\/elinformante.mx\/wp-content\/uploads\/2024\/03\/12.2IEEM-1-300x147.jpg 300w, https:\/\/elinformante.mx\/wp-content\/uploads\/2024\/03\/12.2IEEM-1-768x377.jpg 768w, https:\/\/elinformante.mx\/wp-content\/uploads\/2024\/03\/12.2IEEM-1-580x285.jpg 580w, https:\/\/elinformante.mx\/wp-content\/uploads\/2024\/03\/12.2IEEM-1-860x422.jpg 860w, https:\/\/elinformante.mx\/wp-content\/uploads\/2024\/03\/12.2IEEM-1.jpg 1140w\" sizes=\"(max-width: 1024px) 100vw, 1024px\" \/><\/figure>\n\n\n\n<p>Adem\u00e1s, detall\u00f3 que otros factores que ayudar\u00e1n a garantizar la paridad en la contienda son el financiamiento en campa\u00f1as, pues se deber\u00e1 asignar, por primera vez para los comicios 2024, el 50 por ciento a las mujeres; por lo que hace a los tiempos de radio y televisi\u00f3n tambi\u00e9n ser\u00e1n distribuidos de manera igualitaria.<br><\/p>\n\n\n\n<p>La Consejera Presidenta, explic\u00f3 a las y los alumnos de Derecho de la UAEM\u00e9x que uno de los principales retos a los que se enfrentan las mujeres es a la violencia pol\u00edtica en raz\u00f3n de g\u00e9nero, por lo que es necesario identificarla, as\u00ed como cualquier otra barrera para derribarla, mediante la generaci\u00f3n de agendas sobre igualdad, vinculaci\u00f3n con la sociedad civil organizada, y el establecimiento de redes de apoyo y mentor\u00eda entre mujeres.<br><\/p>\n\n\n\n<p>Al evento asistieron la Consejera Electoral, Paula Melgarejo Salgado, la Jefa de la Unidad para la Coordinaci\u00f3n de los Trabajos de Igualdad de G\u00e9nero y Erradicaci\u00f3n de la Violencia Pol\u00edtica en Raz\u00f3n de G\u00e9nero (UCTIGEVP), Susana Munguia Fern\u00e1ndez y la Directora de la Facultad de Derecho UAEM\u00e9x, Mar\u00eda Jos\u00e9 Bernaldez Aguilar.<br><\/p>\n\n\n\n<p>Adem\u00e1s, estuvieron presentes servidoras y servidores p\u00fablicos de la Comisi\u00f3n de Derechos Humanos del Estado de M\u00e9xico; integrantes de la Red Nacional de Acad\u00e9micas Feministas y del Colegio Mexiquense.<\/p>\n","protected":false},"excerpt":{"rendered":"<p>\u201cM\u00e1s mujeres en puestos de poder, impulsan a otras mujeres\u201d: Amalia Pulido En su Conferencia Magistral Los derechos pol\u00edtico electorales de las mujeres en el Estado de M\u00e9xico, la Consejera Presidenta del Instituto Electoral del Estado de M\u00e9xico (IEEM), Amalia Pulido G\u00f3mez, afirm\u00f3 que \u201cm\u00e1s mujeres en puestos de poder, impulsan a otras mujeres\u201d. Dicha [&hellip;]<\/p>\n","protected":false},"author":1,"featured_media":49236,"comment_status":"closed","ping_status":"closed","sticky":false,"template":"","format":"standard","meta":{"footnotes":""},"categories":[30,36],"tags":[],"class_list":["post-49235","post","type-post","status-publish","format-standard","has-post-thumbnail","hentry","category-destacado","category-edomex"],"_links":{"self":[{"href":"https:\/\/elinformante.mx\/index.php?rest_route=\/wp\/v2\/posts\/49235","targetHints":{"allow":["GET"]}}],"collection":[{"href":"https:\/\/elinformante.mx\/index.php?rest_route=\/wp\/v2\/posts"}],"about":[{"href":"https:\/\/elinformante.mx\/index.php?rest_route=\/wp\/v2\/types\/post"}],"author":[{"embeddable":true,"href":"https:\/\/elinformante.mx\/index.php?rest_route=\/wp\/v2\/users\/1"}],"replies":[{"embeddable":true,"href":"https:\/\/elinformante.mx\/index.php?rest_route=%2Fwp%2Fv2%2Fcomments&post=49235"}],"version-history":[{"count":0,"href":"https:\/\/elinformante.mx\/index.php?rest_route=\/wp\/v2\/posts\/49235\/revisions"}],"wp:featuredmedia":[{"embeddable":true,"href":"https:\/\/elinformante.mx\/index.php?rest_route=\/wp\/v2\/media\/49236"}],"wp:attachment":[{"href":"https:\/\/elinformante.mx\/index.php?rest_route=%2Fwp%2Fv2%2Fmedia&parent=49235"}],"wp:term":[{"taxonomy":"category","embeddable":true,"href":"https:\/\/elinformante.mx\/index.php?rest_route=%2Fwp%2Fv2%2Fcategories&post=49235"},{"taxonomy":"post_tag","embeddable":true,"href":"https:\/\/elinformante.mx\/index.php?rest_route=%2Fwp%2Fv2%2Ftags&post=49235"}],"curies":[{"name":"wp","href":"https:\/\/api.w.org\/{rel}","templated":true}]}}