{"id":49245,"date":"2024-03-11T06:59:10","date_gmt":"2024-03-11T12:59:10","guid":{"rendered":"https:\/\/elinformante.mx\/?p=49245"},"modified":"2024-03-11T06:59:11","modified_gmt":"2024-03-11T12:59:11","slug":"alista-uaemex-celebracion-por-el-dia-mundial-del-teatro","status":"publish","type":"post","link":"https:\/\/elinformante.mx\/?p=49245","title":{"rendered":"Alista UAEM\u00e9x celebraci\u00f3n por el D\u00eda Mundial del Teatro"},"content":{"rendered":"\n<blockquote class=\"wp-block-quote is-layout-flow wp-block-quote-is-layout-flow\">\n<p>La Segunda Temporada de Teatro Universitario 2024 se presentar\u00e1 en su totalidad en el Teatro Universitario \u201cLos Jaguares\u201d de la UAEM\u00e9x.<\/p>\n<\/blockquote>\n\n\n\n<p>Con la presentaci\u00f3n de cuatro puestas en escena en el Teatro Universitario \u201cLos Jaguares\u201d arranc\u00f3 la Segunda Temporada de Teatro Universitario 2024 en la Universidad Aut\u00f3noma del Estado de M\u00e9xico (UAEM\u00e9x), marco en que se realizar\u00e1 el tradicional recorrido aleg\u00f3rico por las principales calles de la ciudad de Toluca y talleres de teatro en conmemoraci\u00f3n al D\u00eda Mundial del Teatro.<br><\/p>\n\n\n\n<p>El director de la Compa\u00f1\u00eda, Juan Carlos Embriz Gonzaga, explic\u00f3 que la Compa\u00f1\u00eda Universitaria de Teatro de la UAEM\u00e9x prepar\u00f3 puestas en escena provenientes de distintos textos literarios como la obra infantil \u201cLas peque\u00f1as aventuras del Gran Don Quijote\u201d, inspirada en el cl\u00e1sico de la literatura universal \u201cDon Quijote de la Mancha\u201d. Est\u00e1 disponible s\u00e1bados y domingos desde el pasado 02 de marzo y hasta el 28 de abril a las 13:00 hrs.<br><\/p>\n\n\n\n<p>\u201cEl amor de Don Perlimpl\u00edn\u201d, con direcci\u00f3n de \u00d3scar Daniel G. Sotelo, cuenta la historia del anciano Don Perlimpl\u00edn, que a trav\u00e9s de la risa, hace reflexionar a la audiencia sobre sus valores y su propia esencia, ya que se convierte en una tragedia, la cual est\u00e1 en escena desde el pasado 29 de febrero y hasta al 28 de abril, los jueves a s\u00e1bados a las 17:00 hrs., y los domingos a las 16:00 hrs; es apta para adolescentes y adultos.<br><\/p>\n\n\n\n<p>La obra de Lorena Venta \u201c\u00bfDe las aves o del fin del mundo?\u201d, retrata las diferentes violencias que pueden vivir las mujeres en manos de sus parejas y personas conocidas, la cual se presenta desde el 29 de febrero y hasta al 28 de abril, los jueves a s\u00e1bados a las 19:00 hrs y domingos a las 18:00 hrs.<br><\/p>\n\n\n\n<figure class=\"wp-block-image size-large\"><img fetchpriority=\"high\" decoding=\"async\" width=\"1024\" height=\"503\" src=\"https:\/\/elinformante.mx\/wp-content\/uploads\/2024\/03\/10.2UAEM-3-1024x503.jpg\" alt=\"\" class=\"wp-image-49247\" srcset=\"https:\/\/elinformante.mx\/wp-content\/uploads\/2024\/03\/10.2UAEM-3-1024x503.jpg 1024w, https:\/\/elinformante.mx\/wp-content\/uploads\/2024\/03\/10.2UAEM-3-300x147.jpg 300w, https:\/\/elinformante.mx\/wp-content\/uploads\/2024\/03\/10.2UAEM-3-768x377.jpg 768w, https:\/\/elinformante.mx\/wp-content\/uploads\/2024\/03\/10.2UAEM-3-580x285.jpg 580w, https:\/\/elinformante.mx\/wp-content\/uploads\/2024\/03\/10.2UAEM-3-860x422.jpg 860w, https:\/\/elinformante.mx\/wp-content\/uploads\/2024\/03\/10.2UAEM-3.jpg 1140w\" sizes=\"(max-width: 1024px) 100vw, 1024px\" \/><\/figure>\n\n\n\n<p>De igual forma, \u201cEl hilo\u201d, dirigida por Ang\u00e9lica Hern\u00e1ndez, cuenta la historia de una chica desaparecida y todo lo que sucede en su c\u00edrculo cercano alrededor de este suceso. Dirigida para adolescentes y adultos se presenta lunes y martes desde el 04 de marzo al 22 de abril a las 19:00 hrs.<br><\/p>\n\n\n\n<p>Asimismo, como parte de esta temporada, se presentar\u00e1 el ciclo de obras \u201cMujeres en escena\u201d, conformada por tres obras con tem\u00e1ticas alusivas a la mujer, las cuales se presentan los d\u00edas mi\u00e9rcoles a las 19:00 hrs. En direcci\u00f3n de Brenda Monz\u00f3n, \u201cCuesti\u00f3n de suerte\u201d reflexiona sobre el \u201cs\u00edndrome de la impostora\u201d y c\u00f3mo act\u00faa sobre la presencia de las mujeres en su vida profesional, la cual les ha impedido ser due\u00f1as de sus \u00e9xitos. Esta obra estar\u00e1 en escena el 13 de marzo dirigida a adolescentes y adultos.<br><\/p>\n\n\n\n<p>Igualmente, \u201cMujer ten\u00edas que ser\u201d de Rebeca Garro, es una pieza did\u00e1ctica que da un recorrido sobre la historia femenina mexicana y las mujeres que lucharon por su participaci\u00f3n en la sociedad, la cual se refleja en 4 cuentos con diferentes historias, donde todas las mujeres ven en el antiguo insulto \u201cmujer ten\u00edas que ser\u201d una frase de fortaleza, la cual se presentar\u00e1 el 20 de marzo, dirigida a adolescentes y adultos<br><\/p>\n\n\n\n<p>Por \u00faltimo, se invita a toda la comunidad universitaria y p\u00fablico en general a seguir las redes sociales de la Compa\u00f1\u00eda para conocer las actividades acad\u00e9micas y art\u00edsticas en el marco del D\u00eda Mundial del Teatro 2024, que contar\u00e1 como principales sedes el Teatro Universitario \u201cLos Jaguares\u201d y la Facultad de Humanidades UAEM\u00e9x.<\/p>\n","protected":false},"excerpt":{"rendered":"<p>La Segunda Temporada de Teatro Universitario 2024 se presentar\u00e1 en su totalidad en el Teatro Universitario \u201cLos Jaguares\u201d de la UAEM\u00e9x. Con la presentaci\u00f3n de cuatro puestas en escena en el Teatro Universitario \u201cLos Jaguares\u201d arranc\u00f3 la Segunda Temporada de Teatro Universitario 2024 en la Universidad Aut\u00f3noma del Estado de M\u00e9xico (UAEM\u00e9x), marco en que [&hellip;]<\/p>\n","protected":false},"author":1,"featured_media":49246,"comment_status":"closed","ping_status":"closed","sticky":false,"template":"","format":"standard","meta":{"footnotes":""},"categories":[30,36],"tags":[],"class_list":["post-49245","post","type-post","status-publish","format-standard","has-post-thumbnail","hentry","category-destacado","category-edomex"],"_links":{"self":[{"href":"https:\/\/elinformante.mx\/index.php?rest_route=\/wp\/v2\/posts\/49245","targetHints":{"allow":["GET"]}}],"collection":[{"href":"https:\/\/elinformante.mx\/index.php?rest_route=\/wp\/v2\/posts"}],"about":[{"href":"https:\/\/elinformante.mx\/index.php?rest_route=\/wp\/v2\/types\/post"}],"author":[{"embeddable":true,"href":"https:\/\/elinformante.mx\/index.php?rest_route=\/wp\/v2\/users\/1"}],"replies":[{"embeddable":true,"href":"https:\/\/elinformante.mx\/index.php?rest_route=%2Fwp%2Fv2%2Fcomments&post=49245"}],"version-history":[{"count":0,"href":"https:\/\/elinformante.mx\/index.php?rest_route=\/wp\/v2\/posts\/49245\/revisions"}],"wp:featuredmedia":[{"embeddable":true,"href":"https:\/\/elinformante.mx\/index.php?rest_route=\/wp\/v2\/media\/49246"}],"wp:attachment":[{"href":"https:\/\/elinformante.mx\/index.php?rest_route=%2Fwp%2Fv2%2Fmedia&parent=49245"}],"wp:term":[{"taxonomy":"category","embeddable":true,"href":"https:\/\/elinformante.mx\/index.php?rest_route=%2Fwp%2Fv2%2Fcategories&post=49245"},{"taxonomy":"post_tag","embeddable":true,"href":"https:\/\/elinformante.mx\/index.php?rest_route=%2Fwp%2Fv2%2Ftags&post=49245"}],"curies":[{"name":"wp","href":"https:\/\/api.w.org\/{rel}","templated":true}]}}