{"id":49335,"date":"2024-03-11T08:18:29","date_gmt":"2024-03-11T14:18:29","guid":{"rendered":"https:\/\/elinformante.mx\/?p=49335"},"modified":"2024-03-11T08:18:29","modified_gmt":"2024-03-11T14:18:29","slug":"repudian-a-david-monreal-gobernador-de-zacatecas","status":"publish","type":"post","link":"https:\/\/elinformante.mx\/?p=49335","title":{"rendered":"Repudian a David Monreal, gobernador de Zacatecas"},"content":{"rendered":"\n<blockquote class=\"wp-block-quote is-layout-flow wp-block-quote-is-layout-flow\">\n<p>Mujeres exigen que renuncie ante la represi\u00f3n que se hizo presente el 8 de marzo contra ellas.<\/p>\n<\/blockquote>\n\n\n\n<p>Con consignas como \u201cFuimos todas\u201d; \u201cNo somos diez, gobierno cu\u00e9ntanos bien\u201d, \u201cZacatecas opresor, es un macho violador\u201d, mujeres realizan la ma\u00f1ana de este domingo una manifestaci\u00f3n afuera de Palacio de Gobierno de Zacatecas, en la Plaza de Armas de la capital, exigiendo la renuncia de varios funcionarios y del Gobernador del Estado, por los hechos de violencia protagonizados por polic\u00edas el pasado viernes 8 de Marzo.<br><\/p>\n\n\n\n<p>M\u00e1s de un centenar de mujeres, integrantes de colectivas feministas exigen la renuncia de Rodrigo Reyes secretario de gobierno, Oswaldo Caldera Murillo director de la polic\u00eda vial, Arturo Medina Mayoral titular de la secretar\u00eda de seguridad y del gobernador David Monreal.<br><\/p>\n\n\n\n<p>Una hora antes de la protesta de este domingo, X\u00f3chitl G\u00e1lvez Ruiz, candidata presidencial de la coalici\u00f3n Fuerza y Coraz\u00f3n por M\u00e9xico, expres\u00f3 su solidaridad \u201ca quienes fueron v\u00edctimas del abuso policial en Zacatecas y otros estados del pa\u00eds\u201d el pasado 8 de marzo.<br><\/p>\n\n\n\n<p>Colocaron volantes en la puerta principal del Palacio de Gobierno, el cual este d\u00eda no estaba resguardado por vallas y, las paredes del edificio pintadas el pasado viernes, al t\u00e9rmino de la marcha, de nueva cuenta fueron salpicadas con pintura de color rojo y morado.<br><\/p>\n\n\n\n<p>El secretario general de Gobierno, Rodrigo Reyes Mug\u00fcerza, principal se\u00f1alado de los ocurridos el pasado viernes 8 de marzo al t\u00e9rmino del mitin en Plaza de Armas por el D\u00eda Internacional de la Mujer, a trav\u00e9s de sus redes sociales lament\u00f3 el viernes los hechos que se llevaron a cabo la tarde del viernes al finalizar la marcha conmemorativa del D\u00eda Internacional de la Mujer.<br><\/p>\n\n\n\n<p>\u201cLamento que durante estos hechos se viera afectada la integridad de polic\u00edas, mujeres que participaban y que daban cobertura a la movilizaci\u00f3n.\u201d<br><\/p>\n\n\n\n<p>Ayer s\u00e1bado, la Secretar\u00eda de las Mujeres a trav\u00e9s de un comunicado conden\u00f3 lo que calific\u00f3 como \u201clacerantes acontecimientos\u201d el pasado 8 de marzo al t\u00e9rmino del mitin en Plaza de Armas por el D\u00eda Internacional de la Mujer.<br><\/p>\n\n\n\n<p>La Comisi\u00f3n de Derechos Humanos del Estado reproch\u00f3 los actos violentos protagonizados por los elementos policiales, en contra de las participantes de la marcha.<br><\/p>\n\n\n\n<p>Por otra parte, la Fiscal\u00eda General de Justicia del Estado, dio a conocer la noche de este s\u00e1bado que ha abierto una carpeta de investigaci\u00f3n sobre lo ocurrido el viernes.<\/p>\n","protected":false},"excerpt":{"rendered":"<p>Mujeres exigen que renuncie ante la represi\u00f3n que se hizo presente el 8 de marzo contra ellas. Con consignas como \u201cFuimos todas\u201d; \u201cNo somos diez, gobierno cu\u00e9ntanos bien\u201d, \u201cZacatecas opresor, es un macho violador\u201d, mujeres realizan la ma\u00f1ana de este domingo una manifestaci\u00f3n afuera de Palacio de Gobierno de Zacatecas, en la Plaza de Armas [&hellip;]<\/p>\n","protected":false},"author":1,"featured_media":49336,"comment_status":"closed","ping_status":"closed","sticky":false,"template":"","format":"standard","meta":{"footnotes":""},"categories":[34],"tags":[],"class_list":["post-49335","post","type-post","status-publish","format-standard","has-post-thumbnail","hentry","category-nacional"],"_links":{"self":[{"href":"https:\/\/elinformante.mx\/index.php?rest_route=\/wp\/v2\/posts\/49335","targetHints":{"allow":["GET"]}}],"collection":[{"href":"https:\/\/elinformante.mx\/index.php?rest_route=\/wp\/v2\/posts"}],"about":[{"href":"https:\/\/elinformante.mx\/index.php?rest_route=\/wp\/v2\/types\/post"}],"author":[{"embeddable":true,"href":"https:\/\/elinformante.mx\/index.php?rest_route=\/wp\/v2\/users\/1"}],"replies":[{"embeddable":true,"href":"https:\/\/elinformante.mx\/index.php?rest_route=%2Fwp%2Fv2%2Fcomments&post=49335"}],"version-history":[{"count":0,"href":"https:\/\/elinformante.mx\/index.php?rest_route=\/wp\/v2\/posts\/49335\/revisions"}],"wp:featuredmedia":[{"embeddable":true,"href":"https:\/\/elinformante.mx\/index.php?rest_route=\/wp\/v2\/media\/49336"}],"wp:attachment":[{"href":"https:\/\/elinformante.mx\/index.php?rest_route=%2Fwp%2Fv2%2Fmedia&parent=49335"}],"wp:term":[{"taxonomy":"category","embeddable":true,"href":"https:\/\/elinformante.mx\/index.php?rest_route=%2Fwp%2Fv2%2Fcategories&post=49335"},{"taxonomy":"post_tag","embeddable":true,"href":"https:\/\/elinformante.mx\/index.php?rest_route=%2Fwp%2Fv2%2Ftags&post=49335"}],"curies":[{"name":"wp","href":"https:\/\/api.w.org\/{rel}","templated":true}]}}