{"id":49352,"date":"2024-03-12T06:39:44","date_gmt":"2024-03-12T12:39:44","guid":{"rendered":"https:\/\/elinformante.mx\/?p=49352"},"modified":"2024-03-12T06:39:46","modified_gmt":"2024-03-12T12:39:46","slug":"muhammad-ali-sera-inducido-al-salon-de-la-fama-de-la-wwe","status":"publish","type":"post","link":"https:\/\/elinformante.mx\/?p=49352","title":{"rendered":"Muhammad Ali ser\u00e1 inducido al Sal\u00f3n de la Fama de la WWE"},"content":{"rendered":"\n<blockquote class=\"wp-block-quote is-layout-flow wp-block-quote-is-layout-flow\">\n<p>El legendario boxeador fue parte de la &#8220;batalla de los Mundos&#8221; en la que se enfrent\u00f3 a Antonio Inoki, otro miembro del Sal\u00f3n de la Fama.<\/p>\n<\/blockquote>\n\n\n\n<p>Muhammad Ali, uno de los peleadores m\u00e1s emblem\u00e1ticos en la historia del deporte, ser\u00e1 inducido al Sal\u00f3n de la Fama de WWE el pr\u00f3ximo 5 de abril.<br><\/p>\n\n\n\n<p>Su figura es importante por su gran calidad en el encordado, pero tambi\u00e9n porque es un tres veces campe\u00f3n mundial en la divisi\u00f3n de los pesos completos, adem\u00e1s de ser medallista ol\u00edmpico de oro.<br><\/p>\n\n\n\n<p>M\u00e1s all\u00e1 de eso, su carisma y confianza eran puntos importantes por los que se convirti\u00f3 en un hito.<br><\/p>\n\n\n\n<p>Debajo del cuadril\u00e1tero, \u2018The Greatest\u2019 trascendi\u00f3 por su labor como activista y artista, y a pesar de su fallecimiento el 3 de junio de 2016, a los 74 a\u00f1os, su legado como uno de los m\u00e1s grandes atletas persiste, y su trabajo para modernizar y globalizar la lucha libre profesional ayud\u00f3 a fusionar a la perfecci\u00f3n el mundo del deporte y el entretenimiento.<br><\/p>\n\n\n\n<figure class=\"wp-block-image size-large\"><img fetchpriority=\"high\" decoding=\"async\" width=\"1024\" height=\"503\" src=\"https:\/\/elinformante.mx\/wp-content\/uploads\/2024\/03\/14ALI-2-1024x503.jpg\" alt=\"\" class=\"wp-image-49354\" srcset=\"https:\/\/elinformante.mx\/wp-content\/uploads\/2024\/03\/14ALI-2-1024x503.jpg 1024w, https:\/\/elinformante.mx\/wp-content\/uploads\/2024\/03\/14ALI-2-300x147.jpg 300w, https:\/\/elinformante.mx\/wp-content\/uploads\/2024\/03\/14ALI-2-768x377.jpg 768w, https:\/\/elinformante.mx\/wp-content\/uploads\/2024\/03\/14ALI-2-580x285.jpg 580w, https:\/\/elinformante.mx\/wp-content\/uploads\/2024\/03\/14ALI-2-860x422.jpg 860w, https:\/\/elinformante.mx\/wp-content\/uploads\/2024\/03\/14ALI-2.jpg 1140w\" sizes=\"(max-width: 1024px) 100vw, 1024px\" \/><\/figure>\n\n\n\n<p>Muhammad Ali caus\u00f3 furor en el mundo del entretenimiento deportivo gracias a su enfrentamiento ante el legendario Antonio Inoki: \u2018La Guerra de los Mundos\u2019.<br><\/p>\n\n\n\n<p>Este enfrentamiento se disput\u00f3 el 26 de junio de 1976, un combate de exhibici\u00f3n celebrado en el Nippon Budokan de Tokio que se disput\u00f3 con reglas espec\u00edficas y que termin\u00f3 con empate a 15 asaltos.<br><\/p>\n\n\n\n<p>El acontecimiento fue un gran \u00e9xito. Adem\u00e1s, atrajo a innumerables aficionados de la industria. Al tiempo que se consideraba un precursor de las artes marciales mixtas modernas. Tanto Ali como Inoki se hicieron amigos despu\u00e9s del evento, e incluso Inoki utiliz\u00f3 el tema musical y los esl\u00f3ganes de Ali como propios.<br><\/p>\n\n\n\n<p>Tras retirarse del boxeo con un r\u00e9cord de 56 victorias y 5 derrotas, con 37 nocauts, Ali regres\u00f3 al cuadril\u00e1tero, donde actu\u00f3 como \u00e1rbitro invitado especial en el primer WrestleMania de 1984, durante el combate principal entre Hulk Hogan y Mr. &amp; Mr. T y \u201cRowdy\u201d Roddy Piper &amp; \u201cMr. Wonderful\u201d Paul Orndorff.<\/p>\n","protected":false},"excerpt":{"rendered":"<p>El legendario boxeador fue parte de la &#8220;batalla de los Mundos&#8221; en la que se enfrent\u00f3 a Antonio Inoki, otro miembro del Sal\u00f3n de la Fama. Muhammad Ali, uno de los peleadores m\u00e1s emblem\u00e1ticos en la historia del deporte, ser\u00e1 inducido al Sal\u00f3n de la Fama de WWE el pr\u00f3ximo 5 de abril. Su figura [&hellip;]<\/p>\n","protected":false},"author":1,"featured_media":49353,"comment_status":"closed","ping_status":"closed","sticky":false,"template":"","format":"standard","meta":{"footnotes":""},"categories":[38,30],"tags":[],"class_list":["post-49352","post","type-post","status-publish","format-standard","has-post-thumbnail","hentry","category-deportes","category-destacado"],"_links":{"self":[{"href":"https:\/\/elinformante.mx\/index.php?rest_route=\/wp\/v2\/posts\/49352","targetHints":{"allow":["GET"]}}],"collection":[{"href":"https:\/\/elinformante.mx\/index.php?rest_route=\/wp\/v2\/posts"}],"about":[{"href":"https:\/\/elinformante.mx\/index.php?rest_route=\/wp\/v2\/types\/post"}],"author":[{"embeddable":true,"href":"https:\/\/elinformante.mx\/index.php?rest_route=\/wp\/v2\/users\/1"}],"replies":[{"embeddable":true,"href":"https:\/\/elinformante.mx\/index.php?rest_route=%2Fwp%2Fv2%2Fcomments&post=49352"}],"version-history":[{"count":0,"href":"https:\/\/elinformante.mx\/index.php?rest_route=\/wp\/v2\/posts\/49352\/revisions"}],"wp:featuredmedia":[{"embeddable":true,"href":"https:\/\/elinformante.mx\/index.php?rest_route=\/wp\/v2\/media\/49353"}],"wp:attachment":[{"href":"https:\/\/elinformante.mx\/index.php?rest_route=%2Fwp%2Fv2%2Fmedia&parent=49352"}],"wp:term":[{"taxonomy":"category","embeddable":true,"href":"https:\/\/elinformante.mx\/index.php?rest_route=%2Fwp%2Fv2%2Fcategories&post=49352"},{"taxonomy":"post_tag","embeddable":true,"href":"https:\/\/elinformante.mx\/index.php?rest_route=%2Fwp%2Fv2%2Ftags&post=49352"}],"curies":[{"name":"wp","href":"https:\/\/api.w.org\/{rel}","templated":true}]}}