{"id":49364,"date":"2024-03-12T06:45:39","date_gmt":"2024-03-12T12:45:39","guid":{"rendered":"https:\/\/elinformante.mx\/?p=49364"},"modified":"2024-03-12T06:45:40","modified_gmt":"2024-03-12T12:45:40","slug":"anuncian-la-feria-del-taco-en-zinacantepec","status":"publish","type":"post","link":"https:\/\/elinformante.mx\/?p=49364","title":{"rendered":"Anuncian la feria del Taco en Zinacantepec"},"content":{"rendered":"\n<blockquote class=\"wp-block-quote is-layout-flow wp-block-quote-is-layout-flow\">\n<p>Durante el desarrollo de esta actividad se presentar\u00e1 la Banda la Adictiva, adem\u00e1s de otras actividades art\u00edstico-culturales.<br><\/p>\n<\/blockquote>\n\n\n\n<p>Este 23 y 24 de marzo en el municipio de Zinacantepec tendr\u00e1 verificativo la Sexta Feria del Taco, en donde se espera la presencia de 100 expositores, informaron autoridades del Ayuntamiento.<br><\/p>\n\n\n\n<p>En el marco del D\u00eda del Taco, es que se desarrolla esta actividad, en donde se espera una afluencia de poco m\u00e1s de 50 mil personas, lo que representa una cantidad mayor a la del a\u00f1o pasado.<br><\/p>\n\n\n\n<figure class=\"wp-block-image size-large\"><img fetchpriority=\"high\" decoding=\"async\" width=\"1024\" height=\"503\" src=\"https:\/\/elinformante.mx\/wp-content\/uploads\/2024\/03\/11.2ZINA-1024x503.jpg\" alt=\"\" class=\"wp-image-49366\" srcset=\"https:\/\/elinformante.mx\/wp-content\/uploads\/2024\/03\/11.2ZINA-1024x503.jpg 1024w, https:\/\/elinformante.mx\/wp-content\/uploads\/2024\/03\/11.2ZINA-300x147.jpg 300w, https:\/\/elinformante.mx\/wp-content\/uploads\/2024\/03\/11.2ZINA-768x377.jpg 768w, https:\/\/elinformante.mx\/wp-content\/uploads\/2024\/03\/11.2ZINA-580x285.jpg 580w, https:\/\/elinformante.mx\/wp-content\/uploads\/2024\/03\/11.2ZINA-860x422.jpg 860w, https:\/\/elinformante.mx\/wp-content\/uploads\/2024\/03\/11.2ZINA.jpg 1140w\" sizes=\"(max-width: 1024px) 100vw, 1024px\" \/><\/figure>\n\n\n\n<p>Durante el desarrollo de esta actividad se presentar\u00e1 la Banda la Adictiva, adem\u00e1s de otras actividades art\u00edstico-culturales, a fin de ofrecer a la poblaci\u00f3n un cartel que arrope a la Feria del Taco.<br><\/p>\n\n\n\n<p>En el marco del D\u00eda del Taco, se espera una afluencia de poco m\u00e1s de 50 mil personas, lo que representa una cantidad mayor a la del a\u00f1o pasado.<br><\/p>\n\n\n\n<p>Durante este a\u00f1o la derrama econ\u00f3mica ser\u00e1 cercana a los 12 millones de pesos, debido a las actividades que se desarrollar\u00e1n durante la feria.<\/p>\n","protected":false},"excerpt":{"rendered":"<p>Durante el desarrollo de esta actividad se presentar\u00e1 la Banda la Adictiva, adem\u00e1s de otras actividades art\u00edstico-culturales. Este 23 y 24 de marzo en el municipio de Zinacantepec tendr\u00e1 verificativo la Sexta Feria del Taco, en donde se espera la presencia de 100 expositores, informaron autoridades del Ayuntamiento. En el marco del D\u00eda del Taco, [&hellip;]<\/p>\n","protected":false},"author":1,"featured_media":49365,"comment_status":"closed","ping_status":"closed","sticky":false,"template":"","format":"standard","meta":{"footnotes":""},"categories":[30,36],"tags":[],"class_list":["post-49364","post","type-post","status-publish","format-standard","has-post-thumbnail","hentry","category-destacado","category-edomex"],"_links":{"self":[{"href":"https:\/\/elinformante.mx\/index.php?rest_route=\/wp\/v2\/posts\/49364","targetHints":{"allow":["GET"]}}],"collection":[{"href":"https:\/\/elinformante.mx\/index.php?rest_route=\/wp\/v2\/posts"}],"about":[{"href":"https:\/\/elinformante.mx\/index.php?rest_route=\/wp\/v2\/types\/post"}],"author":[{"embeddable":true,"href":"https:\/\/elinformante.mx\/index.php?rest_route=\/wp\/v2\/users\/1"}],"replies":[{"embeddable":true,"href":"https:\/\/elinformante.mx\/index.php?rest_route=%2Fwp%2Fv2%2Fcomments&post=49364"}],"version-history":[{"count":0,"href":"https:\/\/elinformante.mx\/index.php?rest_route=\/wp\/v2\/posts\/49364\/revisions"}],"wp:featuredmedia":[{"embeddable":true,"href":"https:\/\/elinformante.mx\/index.php?rest_route=\/wp\/v2\/media\/49365"}],"wp:attachment":[{"href":"https:\/\/elinformante.mx\/index.php?rest_route=%2Fwp%2Fv2%2Fmedia&parent=49364"}],"wp:term":[{"taxonomy":"category","embeddable":true,"href":"https:\/\/elinformante.mx\/index.php?rest_route=%2Fwp%2Fv2%2Fcategories&post=49364"},{"taxonomy":"post_tag","embeddable":true,"href":"https:\/\/elinformante.mx\/index.php?rest_route=%2Fwp%2Fv2%2Ftags&post=49364"}],"curies":[{"name":"wp","href":"https:\/\/api.w.org\/{rel}","templated":true}]}}