{"id":49379,"date":"2024-03-12T06:53:00","date_gmt":"2024-03-12T12:53:00","guid":{"rendered":"https:\/\/elinformante.mx\/?p=49379"},"modified":"2024-03-12T06:53:01","modified_gmt":"2024-03-12T12:53:01","slug":"refrenda-gobierno-del-edomex-compromiso-con-la-promocion-y-defensa-de-los-derechos-humanos","status":"publish","type":"post","link":"https:\/\/elinformante.mx\/?p=49379","title":{"rendered":"Refrenda Gobierno del Edom\u00e9x compromiso con la promoci\u00f3n y defensa de los Derechos Humanos"},"content":{"rendered":"\n<blockquote class=\"wp-block-quote is-layout-flow wp-block-quote-is-layout-flow\">\n<p>Destaca Delfina G\u00f3mez que su administraci\u00f3n realiza esfuerzos por la justicia, equidad e igualdad de g\u00e9nero.<\/p>\n<\/blockquote>\n\n\n\n<p>La Gobernadora del Estado de M\u00e9xico encabez\u00f3 la Mesa de Coordinaci\u00f3n para la Construcci\u00f3n de la Paz, la n\u00famero 45, donde se refrend\u00f3 el compromiso de este grupo de trabajo y de las instancias de seguridad con la promoci\u00f3n y defensa los derechos fundamentales.<br><\/p>\n\n\n\n<p>Tras ello, asisti\u00f3 al Informe Anual de Actividades 2023 de la presidenta de la Comisi\u00f3n Estatal de Derechos Humanos (CODHEM), donde asegur\u00f3 que se sumar\u00e1n esfuerzos para lograr la justicia, la equidad y la igualdad en la entidad, al tiempo que reconoci\u00f3 la importancia de esta instituci\u00f3n como pilar en la defensa y promoci\u00f3n de los derechos de las y los mexiquenses.<br><\/p>\n\n\n\n<p>En el Auditorio de la CODHEM, se acentu\u00f3 la importancia de las mujeres en la direcci\u00f3n de esta Defensor\u00eda, fortaleciendo la igualdad de g\u00e9nero y la justicia.<br><\/p>\n\n\n\n<p>Tambi\u00e9n se\u00f1al\u00f3 que, por primera vez en la historia de la Comisi\u00f3n, hay dos Visitadur\u00edas Generales, ampliando la capacidad de atenci\u00f3n especializada a grupos en situaci\u00f3n de vulnerabilidad, como: mujeres, migrantes, personas privadas de la libertad y desapariciones.<br><\/p>\n\n\n\n<figure class=\"wp-block-image size-large\"><img fetchpriority=\"high\" decoding=\"async\" width=\"1024\" height=\"503\" src=\"https:\/\/elinformante.mx\/wp-content\/uploads\/2024\/03\/7DELFICODHEM-1024x503.jpg\" alt=\"\" class=\"wp-image-49381\" srcset=\"https:\/\/elinformante.mx\/wp-content\/uploads\/2024\/03\/7DELFICODHEM-1024x503.jpg 1024w, https:\/\/elinformante.mx\/wp-content\/uploads\/2024\/03\/7DELFICODHEM-300x147.jpg 300w, https:\/\/elinformante.mx\/wp-content\/uploads\/2024\/03\/7DELFICODHEM-768x377.jpg 768w, https:\/\/elinformante.mx\/wp-content\/uploads\/2024\/03\/7DELFICODHEM-580x285.jpg 580w, https:\/\/elinformante.mx\/wp-content\/uploads\/2024\/03\/7DELFICODHEM-860x422.jpg 860w, https:\/\/elinformante.mx\/wp-content\/uploads\/2024\/03\/7DELFICODHEM.jpg 1140w\" sizes=\"(max-width: 1024px) 100vw, 1024px\" \/><\/figure>\n\n\n\n<p>La mandataria mexiquense reconoci\u00f3 el avance de la CODHEM en la modernizaci\u00f3n de sus estrategias de capacitaci\u00f3n e incorporaci\u00f3n de herramientas digitales, para llegar a las comunidades m\u00e1s alejadas asegur\u00e1ndose que la educaci\u00f3n en materia de Derechos Humanos sea accesible para todos.<br><\/p>\n\n\n\n<p>Como parte del Informe de Actividades, se dio a conocer que la CODHEM, durante el 2023, coadyuv\u00f3 para que ocho personas recuperaran la libertad a trav\u00e9s de la Ley de Amnist\u00eda, y recibi\u00f3 3 mil 661 solicitudes de personas que buscan ser beneficiadas por dicha norma jur\u00eddica.<br><\/p>\n\n\n\n<p>En 2023, la CODHEM realiz\u00f3 2 mil 973 acciones con las cuales lleg\u00f3 a 133 mil 574 personas de todos los sectores de la poblaci\u00f3n mexiquense.<br><\/p>\n\n\n\n<p>El Gobierno del Estado de M\u00e9xico reconoci\u00f3 el trabajo realizado por esta instituci\u00f3n y reafirm\u00f3 su compromiso de colaborar para que se siga fortaleciendo la protecci\u00f3n de las libertades de las y los mexiquenses.<\/p>\n","protected":false},"excerpt":{"rendered":"<p>Destaca Delfina G\u00f3mez que su administraci\u00f3n realiza esfuerzos por la justicia, equidad e igualdad de g\u00e9nero. La Gobernadora del Estado de M\u00e9xico encabez\u00f3 la Mesa de Coordinaci\u00f3n para la Construcci\u00f3n de la Paz, la n\u00famero 45, donde se refrend\u00f3 el compromiso de este grupo de trabajo y de las instancias de seguridad con la promoci\u00f3n [&hellip;]<\/p>\n","protected":false},"author":1,"featured_media":49380,"comment_status":"closed","ping_status":"closed","sticky":false,"template":"","format":"standard","meta":{"footnotes":""},"categories":[30,36],"tags":[],"class_list":["post-49379","post","type-post","status-publish","format-standard","has-post-thumbnail","hentry","category-destacado","category-edomex"],"_links":{"self":[{"href":"https:\/\/elinformante.mx\/index.php?rest_route=\/wp\/v2\/posts\/49379","targetHints":{"allow":["GET"]}}],"collection":[{"href":"https:\/\/elinformante.mx\/index.php?rest_route=\/wp\/v2\/posts"}],"about":[{"href":"https:\/\/elinformante.mx\/index.php?rest_route=\/wp\/v2\/types\/post"}],"author":[{"embeddable":true,"href":"https:\/\/elinformante.mx\/index.php?rest_route=\/wp\/v2\/users\/1"}],"replies":[{"embeddable":true,"href":"https:\/\/elinformante.mx\/index.php?rest_route=%2Fwp%2Fv2%2Fcomments&post=49379"}],"version-history":[{"count":0,"href":"https:\/\/elinformante.mx\/index.php?rest_route=\/wp\/v2\/posts\/49379\/revisions"}],"wp:featuredmedia":[{"embeddable":true,"href":"https:\/\/elinformante.mx\/index.php?rest_route=\/wp\/v2\/media\/49380"}],"wp:attachment":[{"href":"https:\/\/elinformante.mx\/index.php?rest_route=%2Fwp%2Fv2%2Fmedia&parent=49379"}],"wp:term":[{"taxonomy":"category","embeddable":true,"href":"https:\/\/elinformante.mx\/index.php?rest_route=%2Fwp%2Fv2%2Fcategories&post=49379"},{"taxonomy":"post_tag","embeddable":true,"href":"https:\/\/elinformante.mx\/index.php?rest_route=%2Fwp%2Fv2%2Ftags&post=49379"}],"curies":[{"name":"wp","href":"https:\/\/api.w.org\/{rel}","templated":true}]}}