{"id":49383,"date":"2024-03-12T06:54:36","date_gmt":"2024-03-12T12:54:36","guid":{"rendered":"https:\/\/elinformante.mx\/?p=49383"},"modified":"2024-03-12T06:54:37","modified_gmt":"2024-03-12T12:54:37","slug":"gobierno-de-la-cdmx-va-contra-juez-que-libero-a-el-fabian-del-grupo-criminal-ronda-88","status":"publish","type":"post","link":"https:\/\/elinformante.mx\/?p=49383","title":{"rendered":"Gobierno de la CDMX va contra juez que liber\u00f3 a \u201cEl Fabian\u201d, del grupo criminal \u201cRonda 88\u201d"},"content":{"rendered":"\n<blockquote class=\"wp-block-quote is-layout-flow wp-block-quote-is-layout-flow\">\n<p>Mart\u00ed Batres asegura que \u201cEl Cachorro\u201d, hijo del l\u00edder del grupo criminal se disfraz\u00f3 para huir de su detenci\u00f3n.<\/p>\n<\/blockquote>\n\n\n\n<p>El jefe de gobierno de la Ciudad de M\u00e9xico, Mart\u00ed Batres Guadarrama, dio a conocer que presentar\u00e1 una denuncia de hechos ante la Fiscal\u00eda General de Justicia de la Rep\u00fablica (FGR) en contra del juez, Roberto Omar Paredes Gorostieta, quien se desempe\u00f1a como titular de la sala de oralidad 1 en el Reclusorio Sur, por dejar en libertad a Fabi\u00e1n Osvaldo Sol\u00eds Jr., alias El Cachorro, l\u00edder del grupo criminal Ronda 88.<br><\/p>\n\n\n\n<p>En conferencia de prensa, el mandatario capitalino explic\u00f3 que el juez Paredes Gorostieta absolvi\u00f3, liber\u00f3 y ayudo a \u201csalir por la puerta trasera o lateral\u201d a Fabi\u00e1n Osvaldo Sol\u00eds Jr., y con ello se evit\u00f3 que la Fiscal\u00eda General de Justicia capitalina (FGJ CDMX) girara una nueva orden de aprehensi\u00f3n en su contra por el delito de desaparici\u00f3n forzada.<br><\/p>\n\n\n\n<p>\u201cEsto no sucedi\u00f3 porque sali\u00f3 por un lugar diferente, no sali\u00f3 por la puerta principal del juzgado; fue auxiliado de alguna manera para salir por otro lado m. Ah\u00ed en el camino hasta las escaleras colocadas en el trayecto por donde sale y adem\u00e1s por otra parte se le cambia la ropa, se le pone un saco, sale con una agenda penal, es decir, se le habilita para que pueda evadirse y fugarse\u201d, apunt\u00f3.<br><\/p>\n\n\n\n<p>A\u00f1adi\u00f3 que esta acci\u00f3n que realiz\u00f3 el juez \u201ces un hecho muy grave que ponen en riesgo a los ciudadanos y habitantes de la Ciudad de M\u00e9xico\u201d.<br><\/p>\n\n\n\n<figure class=\"wp-block-image size-large\"><img fetchpriority=\"high\" decoding=\"async\" width=\"1024\" height=\"503\" src=\"https:\/\/elinformante.mx\/wp-content\/uploads\/2024\/03\/5BATRES-2-2-1024x503.jpg\" alt=\"\" class=\"wp-image-49385\" srcset=\"https:\/\/elinformante.mx\/wp-content\/uploads\/2024\/03\/5BATRES-2-2-1024x503.jpg 1024w, https:\/\/elinformante.mx\/wp-content\/uploads\/2024\/03\/5BATRES-2-2-300x147.jpg 300w, https:\/\/elinformante.mx\/wp-content\/uploads\/2024\/03\/5BATRES-2-2-768x377.jpg 768w, https:\/\/elinformante.mx\/wp-content\/uploads\/2024\/03\/5BATRES-2-2-580x285.jpg 580w, https:\/\/elinformante.mx\/wp-content\/uploads\/2024\/03\/5BATRES-2-2-860x422.jpg 860w, https:\/\/elinformante.mx\/wp-content\/uploads\/2024\/03\/5BATRES-2-2.jpg 1140w\" sizes=\"(max-width: 1024px) 100vw, 1024px\" \/><\/figure>\n\n\n\n<p>Destac\u00f3 que Fabi\u00e1n Osvaldo Sol\u00eds Jr. es considerado \u201cuno de los cinco generadores de violencia m\u00e1s peligrosos y por quien se ha ofrecido una recompensa de 3 millones de pesos para que brinde informaci\u00f3n sobre su paradero\u201d.<br><\/p>\n\n\n\n<p>\u201cEl juez Roberto Omar Paredes en lugar de trabajar en favor de la justicia para la gente, lo que hace es que de manera objetiva ayudar a la delincuencia\u201d, sentenci\u00f3.<br><\/p>\n\n\n\n<p>Por su parte, el consejero jur\u00eddico de la capital, N\u00e9stor Vargas se\u00f1al\u00f3 que esta denuncia de hechos es por el delito establecido en el C\u00f3digo Penal federal art\u00edculo 225 en el que se establece como delito en contra de la administraci\u00f3n de la justicia.<br><\/p>\n\n\n\n<p>Manifest\u00f3 que la sanci\u00f3n para el juez puede ser de 4 a 10 a\u00f1os de prisi\u00f3n. Tambi\u00e9n dijo que tambi\u00e9n presentar\u00e1n una queja Administrativa ante el Consejo de la Judicatura Federal, \u201cen virtud de que tambi\u00e9n se presume irregularidades por parte de este juez de control cometidas en el \u00e1mbito del Poder Judicial Federal\u201d.<br><\/p>\n\n\n\n<p>En el evento tambi\u00e9n estuvo presente el secretario de seguridad ciudadana, Pablo V\u00e1zquez y el encargado de despacho de la FGJ CDMX, Ulises Lara.<\/p>\n","protected":false},"excerpt":{"rendered":"<p>Mart\u00ed Batres asegura que \u201cEl Cachorro\u201d, hijo del l\u00edder del grupo criminal se disfraz\u00f3 para huir de su detenci\u00f3n. El jefe de gobierno de la Ciudad de M\u00e9xico, Mart\u00ed Batres Guadarrama, dio a conocer que presentar\u00e1 una denuncia de hechos ante la Fiscal\u00eda General de Justicia de la Rep\u00fablica (FGR) en contra del juez, Roberto [&hellip;]<\/p>\n","protected":false},"author":1,"featured_media":49384,"comment_status":"closed","ping_status":"closed","sticky":false,"template":"","format":"standard","meta":{"footnotes":""},"categories":[35,30],"tags":[],"class_list":["post-49383","post","type-post","status-publish","format-standard","has-post-thumbnail","hentry","category-cdmx","category-destacado"],"_links":{"self":[{"href":"https:\/\/elinformante.mx\/index.php?rest_route=\/wp\/v2\/posts\/49383","targetHints":{"allow":["GET"]}}],"collection":[{"href":"https:\/\/elinformante.mx\/index.php?rest_route=\/wp\/v2\/posts"}],"about":[{"href":"https:\/\/elinformante.mx\/index.php?rest_route=\/wp\/v2\/types\/post"}],"author":[{"embeddable":true,"href":"https:\/\/elinformante.mx\/index.php?rest_route=\/wp\/v2\/users\/1"}],"replies":[{"embeddable":true,"href":"https:\/\/elinformante.mx\/index.php?rest_route=%2Fwp%2Fv2%2Fcomments&post=49383"}],"version-history":[{"count":0,"href":"https:\/\/elinformante.mx\/index.php?rest_route=\/wp\/v2\/posts\/49383\/revisions"}],"wp:featuredmedia":[{"embeddable":true,"href":"https:\/\/elinformante.mx\/index.php?rest_route=\/wp\/v2\/media\/49384"}],"wp:attachment":[{"href":"https:\/\/elinformante.mx\/index.php?rest_route=%2Fwp%2Fv2%2Fmedia&parent=49383"}],"wp:term":[{"taxonomy":"category","embeddable":true,"href":"https:\/\/elinformante.mx\/index.php?rest_route=%2Fwp%2Fv2%2Fcategories&post=49383"},{"taxonomy":"post_tag","embeddable":true,"href":"https:\/\/elinformante.mx\/index.php?rest_route=%2Fwp%2Fv2%2Ftags&post=49383"}],"curies":[{"name":"wp","href":"https:\/\/api.w.org\/{rel}","templated":true}]}}