{"id":49387,"date":"2024-03-12T06:56:11","date_gmt":"2024-03-12T12:56:11","guid":{"rendered":"https:\/\/elinformante.mx\/?p=49387"},"modified":"2024-03-12T06:56:12","modified_gmt":"2024-03-12T12:56:12","slug":"cancun-sera-sede-de-la-feria-nacional-de-empleo-para-mujeres","status":"publish","type":"post","link":"https:\/\/elinformante.mx\/?p=49387","title":{"rendered":"Canc\u00fan ser\u00e1 sede de la Feria Nacional de Empleo para mujeres"},"content":{"rendered":"\n<blockquote class=\"wp-block-quote is-layout-flow wp-block-quote-is-layout-flow\">\n<p>M\u00e1s de 30 empresas estar\u00e1n ofertando vacantes a diferentes \u00e1reas laborales en las que se priorizar\u00e1 a la mujer.<\/p>\n<\/blockquote>\n\n\n\n<p>Si busca empleo en Canc\u00fan, prepare su documentaci\u00f3n, ya que este martes 12 de marzo se llevar\u00e1 a cabo en la feria \u201cEmpl\u00e9ate Mujer\u201d en donde se estar\u00e1n ofertando m\u00e1s 100 vacantes para diferentes \u00e1reas laborales en la ciudad.<br><\/p>\n\n\n\n<p>Esta feria es parte de los eventos programados dentro del marco de la Feria Nacional de Empleo de las Mujeres, que se llevar\u00e1 a cabo en todo el pa\u00eds durante el mes de marzo. En estas ferias, se priorizar\u00e1 a las mujeres que no cuenten con un empleo formal.<br><\/p>\n\n\n\n<p>Para esta edici\u00f3n se estar\u00e1n promocionando un total de 104 ofertas laborales de 33 empresas del sector tur\u00edstico, administrativo, restaurantero, transporte, ventas y de seguridad.<br><\/p>\n\n\n\n<figure class=\"wp-block-image size-large\"><img fetchpriority=\"high\" decoding=\"async\" width=\"1024\" height=\"503\" src=\"https:\/\/elinformante.mx\/wp-content\/uploads\/2024\/03\/4QUINTANAROO-3-1024x503.jpg\" alt=\"\" class=\"wp-image-49389\" srcset=\"https:\/\/elinformante.mx\/wp-content\/uploads\/2024\/03\/4QUINTANAROO-3-1024x503.jpg 1024w, https:\/\/elinformante.mx\/wp-content\/uploads\/2024\/03\/4QUINTANAROO-3-300x147.jpg 300w, https:\/\/elinformante.mx\/wp-content\/uploads\/2024\/03\/4QUINTANAROO-3-768x377.jpg 768w, https:\/\/elinformante.mx\/wp-content\/uploads\/2024\/03\/4QUINTANAROO-3-580x285.jpg 580w, https:\/\/elinformante.mx\/wp-content\/uploads\/2024\/03\/4QUINTANAROO-3-860x422.jpg 860w, https:\/\/elinformante.mx\/wp-content\/uploads\/2024\/03\/4QUINTANAROO-3.jpg 1140w\" sizes=\"(max-width: 1024px) 100vw, 1024px\" \/><\/figure>\n\n\n\n<p>Algunas de las empresas que estar\u00e1n participando en el reclutamiento de recursos humanos son Turicun, Soriana, Walmart, Pepsico, IZZI, Farmacias YZA, la Secretar\u00eda de Seguridad Ciudadana de Quintana Roo, entre otras.<br><\/p>\n\n\n\n<p>Las interesadas en conocer las ofertas laborales, podr\u00e1n acudir al Parque del Crucero en donde los reclutadores estar\u00e1n brindando atenci\u00f3n y recolectando la documentaci\u00f3n en un horario de 9 de la ma\u00f1ana a 2 de la tarde.<br><\/p>\n\n\n\n<p>Como parte de los requisitos se deber\u00e1 generar un registro previo en la p\u00e1gina ferias.empleo.gob.mx. Una vez generado el registro, podr\u00e1n descargar el comprobante de participaci\u00f3n que contendr\u00e1 los detalles del evento.<br><\/p>\n\n\n\n<p>Ser\u00e1 necesario imprimir este comprobante y presentarlo el d\u00eda del evento, junto con una identificaci\u00f3n oficial, la solicitud de empleo y un curr\u00edculum vitae actualizado.<\/p>\n","protected":false},"excerpt":{"rendered":"<p>M\u00e1s de 30 empresas estar\u00e1n ofertando vacantes a diferentes \u00e1reas laborales en las que se priorizar\u00e1 a la mujer. Si busca empleo en Canc\u00fan, prepare su documentaci\u00f3n, ya que este martes 12 de marzo se llevar\u00e1 a cabo en la feria \u201cEmpl\u00e9ate Mujer\u201d en donde se estar\u00e1n ofertando m\u00e1s 100 vacantes para diferentes \u00e1reas laborales [&hellip;]<\/p>\n","protected":false},"author":1,"featured_media":49388,"comment_status":"closed","ping_status":"closed","sticky":false,"template":"","format":"standard","meta":{"footnotes":""},"categories":[30,34],"tags":[],"class_list":["post-49387","post","type-post","status-publish","format-standard","has-post-thumbnail","hentry","category-destacado","category-nacional"],"_links":{"self":[{"href":"https:\/\/elinformante.mx\/index.php?rest_route=\/wp\/v2\/posts\/49387","targetHints":{"allow":["GET"]}}],"collection":[{"href":"https:\/\/elinformante.mx\/index.php?rest_route=\/wp\/v2\/posts"}],"about":[{"href":"https:\/\/elinformante.mx\/index.php?rest_route=\/wp\/v2\/types\/post"}],"author":[{"embeddable":true,"href":"https:\/\/elinformante.mx\/index.php?rest_route=\/wp\/v2\/users\/1"}],"replies":[{"embeddable":true,"href":"https:\/\/elinformante.mx\/index.php?rest_route=%2Fwp%2Fv2%2Fcomments&post=49387"}],"version-history":[{"count":0,"href":"https:\/\/elinformante.mx\/index.php?rest_route=\/wp\/v2\/posts\/49387\/revisions"}],"wp:featuredmedia":[{"embeddable":true,"href":"https:\/\/elinformante.mx\/index.php?rest_route=\/wp\/v2\/media\/49388"}],"wp:attachment":[{"href":"https:\/\/elinformante.mx\/index.php?rest_route=%2Fwp%2Fv2%2Fmedia&parent=49387"}],"wp:term":[{"taxonomy":"category","embeddable":true,"href":"https:\/\/elinformante.mx\/index.php?rest_route=%2Fwp%2Fv2%2Fcategories&post=49387"},{"taxonomy":"post_tag","embeddable":true,"href":"https:\/\/elinformante.mx\/index.php?rest_route=%2Fwp%2Fv2%2Ftags&post=49387"}],"curies":[{"name":"wp","href":"https:\/\/api.w.org\/{rel}","templated":true}]}}