{"id":49394,"date":"2024-03-12T07:02:16","date_gmt":"2024-03-12T13:02:16","guid":{"rendered":"https:\/\/elinformante.mx\/?p=49394"},"modified":"2024-03-12T07:02:18","modified_gmt":"2024-03-12T13:02:18","slug":"transportistas-anuncian-cierre-de-accesos-a-la-cdmx-el-13-de-marzo","status":"publish","type":"post","link":"https:\/\/elinformante.mx\/?p=49394","title":{"rendered":"Transportistas anuncian cierre de accesos a la CDMX el 13 de marzo"},"content":{"rendered":"\n<blockquote class=\"wp-block-quote is-layout-flow wp-block-quote-is-layout-flow\">\n<p>Al menos ocho vialidades de acceso a la capital se ver\u00e1n afectadas ma\u00f1ana mi\u00e9rcoles.<\/p>\n<\/blockquote>\n\n\n\n<p>Transportistas que exigen justicia por sus compa\u00f1eros asesinados ante la delincuencia que busca extorsionarlos o secuestrarlos, anunciaron que ma\u00f1ana mi\u00e9rcoles 13 de marzo realizar\u00e1n bloqueos en las principales accesos a la Ciudad de M\u00e9xico.<br><\/p>\n\n\n\n<p>\u201cVamos a hacer una protesta cerca de 20 empresas de transporte p\u00fablico y 10 empresas y asociaciones, compa\u00f1eros de turismo que pertenecen a rutas hermanas y compa\u00f1eros recolectores de los municipios de Chimalhuac\u00e1n y de los Reyes\u201d, se\u00f1al\u00f3 V\u00edctor Manuel Ruiz, presidente de la Ruta 42.<br><\/p>\n\n\n\n<p>Los inconformes planean bloquear los principales accesos desde el Estado de M\u00e9xico a la capital, en rechazo a la liberaci\u00f3n de los presuntos responsables del asesinato de cinco operadores de transporte p\u00fablico, adem\u00e1s de que balearon y quemaron unidades, quedando tres transportistas lesionados.<br><\/p>\n\n\n\n<p>El l\u00edder transportista asegur\u00f3 que la muerte de sus compa\u00f1eros contin\u00faa impune y ahora hay mayor riesgo para los denunciantes, ante la libertad de los responsables.<br><\/p>\n\n\n\n<p>Ser\u00e1n al menos seis puntos de acceso los que se ver\u00e1n afectados por los bloqueos de transportistas, desde las 8:30 horas del mi\u00e9rcoles 13 de marzo:<\/p>\n\n\n\n<ul class=\"wp-block-list\">\n<li>-Autopista M\u00e9xico-Pachuca<\/li>\n\n\n\n<li>-Autopista M\u00e9xico-Toluca<\/li>\n\n\n\n<li>-Autopista M\u00e9xico-Texcoco<\/li>\n\n\n\n<li>-Autopista M\u00e9xico-Puebla, a la altura del Puente de la Concordia<\/li>\n\n\n\n<li>-Circuito Exterior Mexiquense<\/li>\n\n\n\n<li>-Bordo de Xochiaca, a la altura de Perif\u00e9rico y Calle 7.<\/li>\n<\/ul>\n","protected":false},"excerpt":{"rendered":"<p>Al menos ocho vialidades de acceso a la capital se ver\u00e1n afectadas ma\u00f1ana mi\u00e9rcoles. Transportistas que exigen justicia por sus compa\u00f1eros asesinados ante la delincuencia que busca extorsionarlos o secuestrarlos, anunciaron que ma\u00f1ana mi\u00e9rcoles 13 de marzo realizar\u00e1n bloqueos en las principales accesos a la Ciudad de M\u00e9xico. \u201cVamos a hacer una protesta cerca de [&hellip;]<\/p>\n","protected":false},"author":1,"featured_media":49395,"comment_status":"closed","ping_status":"closed","sticky":false,"template":"","format":"standard","meta":{"footnotes":""},"categories":[30,34,31],"tags":[],"class_list":["post-49394","post","type-post","status-publish","format-standard","has-post-thumbnail","hentry","category-destacado","category-nacional","category-portada"],"_links":{"self":[{"href":"https:\/\/elinformante.mx\/index.php?rest_route=\/wp\/v2\/posts\/49394","targetHints":{"allow":["GET"]}}],"collection":[{"href":"https:\/\/elinformante.mx\/index.php?rest_route=\/wp\/v2\/posts"}],"about":[{"href":"https:\/\/elinformante.mx\/index.php?rest_route=\/wp\/v2\/types\/post"}],"author":[{"embeddable":true,"href":"https:\/\/elinformante.mx\/index.php?rest_route=\/wp\/v2\/users\/1"}],"replies":[{"embeddable":true,"href":"https:\/\/elinformante.mx\/index.php?rest_route=%2Fwp%2Fv2%2Fcomments&post=49394"}],"version-history":[{"count":0,"href":"https:\/\/elinformante.mx\/index.php?rest_route=\/wp\/v2\/posts\/49394\/revisions"}],"wp:featuredmedia":[{"embeddable":true,"href":"https:\/\/elinformante.mx\/index.php?rest_route=\/wp\/v2\/media\/49395"}],"wp:attachment":[{"href":"https:\/\/elinformante.mx\/index.php?rest_route=%2Fwp%2Fv2%2Fmedia&parent=49394"}],"wp:term":[{"taxonomy":"category","embeddable":true,"href":"https:\/\/elinformante.mx\/index.php?rest_route=%2Fwp%2Fv2%2Fcategories&post=49394"},{"taxonomy":"post_tag","embeddable":true,"href":"https:\/\/elinformante.mx\/index.php?rest_route=%2Fwp%2Fv2%2Ftags&post=49394"}],"curies":[{"name":"wp","href":"https:\/\/api.w.org\/{rel}","templated":true}]}}