{"id":49397,"date":"2024-03-12T07:03:54","date_gmt":"2024-03-12T13:03:54","guid":{"rendered":"https:\/\/elinformante.mx\/?p=49397"},"modified":"2024-03-12T07:03:55","modified_gmt":"2024-03-12T13:03:55","slug":"el-pri-busca-castigar-a-eruviel-avila-y-a-alfredo-del-mazo","status":"publish","type":"post","link":"https:\/\/elinformante.mx\/?p=49397","title":{"rendered":"El PRI busca castigar a Eruviel \u00c1vila y a Alfredo del Mazo"},"content":{"rendered":"\n<blockquote class=\"wp-block-quote is-layout-flow wp-block-quote-is-layout-flow\">\n<p>Insisten en que deben ser castigados por el da\u00f1o que hicieron al partido y al Estado de M\u00e9xico.<\/p>\n<\/blockquote>\n\n\n\n<p>La dirigencia nacional del Partido Revolucionario Institucional (PRI) mantiene la tesis de que los exgobernadores del Estado de M\u00e9xico, Eruviel \u00c1vila Villegas, quien actualmente milita en el PVEM, y Alfredo Del Mazo Maza, deben ser castigados por estar aliados con Morena al buscar impunidad.<br><\/p>\n\n\n\n<p>El delegado del Comit\u00e9 Ejecutivo Nacional (CEN) del tricolor en el Estado de M\u00e9xico, Jorge Meade Ocaranza, expuso que se han recibido peticiones por parte de la militancia en el sentido de buscar la manera en que ambos pol\u00edticos paguen el da\u00f1o que hicieron al PRI y en s\u00ed al Estado de M\u00e9xico.<br><\/p>\n\n\n\n<figure class=\"wp-block-image size-large\"><img fetchpriority=\"high\" decoding=\"async\" width=\"1024\" height=\"503\" src=\"https:\/\/elinformante.mx\/wp-content\/uploads\/2024\/03\/EL-PRI-4-1024x503.jpg\" alt=\"\" class=\"wp-image-49399\" srcset=\"https:\/\/elinformante.mx\/wp-content\/uploads\/2024\/03\/EL-PRI-4-1024x503.jpg 1024w, https:\/\/elinformante.mx\/wp-content\/uploads\/2024\/03\/EL-PRI-4-300x147.jpg 300w, https:\/\/elinformante.mx\/wp-content\/uploads\/2024\/03\/EL-PRI-4-768x377.jpg 768w, https:\/\/elinformante.mx\/wp-content\/uploads\/2024\/03\/EL-PRI-4-580x285.jpg 580w, https:\/\/elinformante.mx\/wp-content\/uploads\/2024\/03\/EL-PRI-4-860x422.jpg 860w, https:\/\/elinformante.mx\/wp-content\/uploads\/2024\/03\/EL-PRI-4.jpg 1140w\" sizes=\"(max-width: 1024px) 100vw, 1024px\" \/><\/figure>\n\n\n\n<p>Tras el mayor descalabro electoral del partido al perder la entidad mexiquense el 4 de junio, revel\u00f3 que la militancia pri\u00edsta le ha perdido el respeto a \u00c1vila Villegas y a Del Mazo Maza, y hay un clamor grande para que algunos de ellos reciban castigo, pues la petici\u00f3n ya la recibieron por escrito.<br><\/p>\n\n\n\n<p>\u201cEso es un tema que estamos revisando, porque el clamor del pri\u00edsmo en que tengan castigo alguno de ellos, es grande\u201d, afirm\u00f3.<br><\/p>\n\n\n\n<figure class=\"wp-block-image size-large\"><img decoding=\"async\" width=\"1024\" height=\"503\" src=\"https:\/\/elinformante.mx\/wp-content\/uploads\/2024\/03\/EL-PRI-6-1024x503.jpg\" alt=\"\" class=\"wp-image-49400\" srcset=\"https:\/\/elinformante.mx\/wp-content\/uploads\/2024\/03\/EL-PRI-6-1024x503.jpg 1024w, https:\/\/elinformante.mx\/wp-content\/uploads\/2024\/03\/EL-PRI-6-300x147.jpg 300w, https:\/\/elinformante.mx\/wp-content\/uploads\/2024\/03\/EL-PRI-6-768x377.jpg 768w, https:\/\/elinformante.mx\/wp-content\/uploads\/2024\/03\/EL-PRI-6-580x285.jpg 580w, https:\/\/elinformante.mx\/wp-content\/uploads\/2024\/03\/EL-PRI-6-860x422.jpg 860w, https:\/\/elinformante.mx\/wp-content\/uploads\/2024\/03\/EL-PRI-6.jpg 1140w\" sizes=\"(max-width: 1024px) 100vw, 1024px\" \/><\/figure>\n\n\n\n<p>Asimismo, acus\u00f3 a ambos exmandatarios de actuar en contra del PRI y ser aliados de manera, Eruviel \u00c1vila en forma activa al utilizar al PVEM para buscar fueron como Senador, mientras que pasivamente lo hace Alfredo Del Mazo.<br><\/p>\n\n\n\n<p>Afirm\u00f3 que lo que los movi\u00f3 a estar con Morena fue quedar impunes, pese a que, recrimin\u00f3, el instituto pol\u00edtico les dio todo.<br><\/p>\n\n\n\n<figure class=\"wp-block-image size-large\"><img decoding=\"async\" width=\"1024\" height=\"503\" src=\"https:\/\/elinformante.mx\/wp-content\/uploads\/2024\/03\/EL-PRI-2-1024x503.jpg\" alt=\"\" class=\"wp-image-49401\" srcset=\"https:\/\/elinformante.mx\/wp-content\/uploads\/2024\/03\/EL-PRI-2-1024x503.jpg 1024w, https:\/\/elinformante.mx\/wp-content\/uploads\/2024\/03\/EL-PRI-2-300x147.jpg 300w, https:\/\/elinformante.mx\/wp-content\/uploads\/2024\/03\/EL-PRI-2-768x377.jpg 768w, https:\/\/elinformante.mx\/wp-content\/uploads\/2024\/03\/EL-PRI-2-580x285.jpg 580w, https:\/\/elinformante.mx\/wp-content\/uploads\/2024\/03\/EL-PRI-2-860x422.jpg 860w, https:\/\/elinformante.mx\/wp-content\/uploads\/2024\/03\/EL-PRI-2.jpg 1140w\" sizes=\"(max-width: 1024px) 100vw, 1024px\" \/><\/figure>\n\n\n\n<p>\u201cLos pri\u00edstas le perdieron el respeto a los exgobernadores Del Mazo y Eruviel, no se tiene respeto para ellos, y despu\u00e9s de mucho que hoy uno de manera activa y otro de manera pasiva, est\u00e9n actuando contra el PRI\u201d, puntualiz\u00f3.<br><\/p>\n\n\n\n<p>\u201cY a la gente le queda claro que en el fondo a los dos es la impunidad lo que los mueve, eso es un tema que estamos revisando\u201d, indic\u00f3.<br><\/p>\n\n\n\n<figure class=\"wp-block-image size-large\"><img loading=\"lazy\" decoding=\"async\" width=\"1024\" height=\"503\" src=\"https:\/\/elinformante.mx\/wp-content\/uploads\/2024\/03\/EL-PRI-1024x503.jpg\" alt=\"\" class=\"wp-image-49402\" srcset=\"https:\/\/elinformante.mx\/wp-content\/uploads\/2024\/03\/EL-PRI-1024x503.jpg 1024w, https:\/\/elinformante.mx\/wp-content\/uploads\/2024\/03\/EL-PRI-300x147.jpg 300w, https:\/\/elinformante.mx\/wp-content\/uploads\/2024\/03\/EL-PRI-768x377.jpg 768w, https:\/\/elinformante.mx\/wp-content\/uploads\/2024\/03\/EL-PRI-580x285.jpg 580w, https:\/\/elinformante.mx\/wp-content\/uploads\/2024\/03\/EL-PRI-860x422.jpg 860w, https:\/\/elinformante.mx\/wp-content\/uploads\/2024\/03\/EL-PRI.jpg 1140w\" sizes=\"(max-width: 1024px) 100vw, 1024px\" \/><\/figure>\n\n\n\n<p>Por su parte, la dirigente estatal del PRI, Ana Lilia Herrera Anzaldo, omiti\u00f3 dar alg\u00fan juicio a la administraci\u00f3n de Del Mazo Maza, porque dijo que eso ya le toc\u00f3 a la ciudadan\u00eda en las urnas el 4 de junio.<br><\/p>\n\n\n\n<p>No obstante, admiti\u00f3 que en el partido ven como verg\u00fcenza las alianzas activas y pasivas.<\/p>\n","protected":false},"excerpt":{"rendered":"<p>Insisten en que deben ser castigados por el da\u00f1o que hicieron al partido y al Estado de M\u00e9xico. La dirigencia nacional del Partido Revolucionario Institucional (PRI) mantiene la tesis de que los exgobernadores del Estado de M\u00e9xico, Eruviel \u00c1vila Villegas, quien actualmente milita en el PVEM, y Alfredo Del Mazo Maza, deben ser castigados por [&hellip;]<\/p>\n","protected":false},"author":1,"featured_media":49398,"comment_status":"closed","ping_status":"closed","sticky":false,"template":"","format":"standard","meta":{"footnotes":""},"categories":[30,36,31],"tags":[],"class_list":["post-49397","post","type-post","status-publish","format-standard","has-post-thumbnail","hentry","category-destacado","category-edomex","category-portada"],"_links":{"self":[{"href":"https:\/\/elinformante.mx\/index.php?rest_route=\/wp\/v2\/posts\/49397","targetHints":{"allow":["GET"]}}],"collection":[{"href":"https:\/\/elinformante.mx\/index.php?rest_route=\/wp\/v2\/posts"}],"about":[{"href":"https:\/\/elinformante.mx\/index.php?rest_route=\/wp\/v2\/types\/post"}],"author":[{"embeddable":true,"href":"https:\/\/elinformante.mx\/index.php?rest_route=\/wp\/v2\/users\/1"}],"replies":[{"embeddable":true,"href":"https:\/\/elinformante.mx\/index.php?rest_route=%2Fwp%2Fv2%2Fcomments&post=49397"}],"version-history":[{"count":0,"href":"https:\/\/elinformante.mx\/index.php?rest_route=\/wp\/v2\/posts\/49397\/revisions"}],"wp:featuredmedia":[{"embeddable":true,"href":"https:\/\/elinformante.mx\/index.php?rest_route=\/wp\/v2\/media\/49398"}],"wp:attachment":[{"href":"https:\/\/elinformante.mx\/index.php?rest_route=%2Fwp%2Fv2%2Fmedia&parent=49397"}],"wp:term":[{"taxonomy":"category","embeddable":true,"href":"https:\/\/elinformante.mx\/index.php?rest_route=%2Fwp%2Fv2%2Fcategories&post=49397"},{"taxonomy":"post_tag","embeddable":true,"href":"https:\/\/elinformante.mx\/index.php?rest_route=%2Fwp%2Fv2%2Ftags&post=49397"}],"curies":[{"name":"wp","href":"https:\/\/api.w.org\/{rel}","templated":true}]}}