{"id":49441,"date":"2024-03-12T07:44:18","date_gmt":"2024-03-12T13:44:18","guid":{"rendered":"https:\/\/elinformante.mx\/?p=49441"},"modified":"2024-03-12T07:44:19","modified_gmt":"2024-03-12T13:44:19","slug":"se-queja-amlo-de-la-diputada-espanola-cayetana-alvarez","status":"publish","type":"post","link":"https:\/\/elinformante.mx\/?p=49441","title":{"rendered":"Se queja AMLO de la diputada espa\u00f1ola Cayetana \u00c1lvarez"},"content":{"rendered":"\n<blockquote class=\"wp-block-quote is-layout-flow wp-block-quote-is-layout-flow\">\n<p>El presidente asegura que la diputada de Barcelona vino a M\u00e9xico a hablar mal de \u00e9l, por criticar la \u201cestrategia\u201d que implement\u00f3 contra la delincuencia organizada.<\/p>\n<\/blockquote>\n\n\n\n<p>Cayetana \u00c1lvarez se\u00f1al\u00f3 al gobierno del presidente L\u00f3pez Obrador de abrazar a los criminales, lo que fue mal visto por el mandatario, quien este lunes sostuvo que \u201cvino a hablar mal de m\u00ed\u201d.<br><\/p>\n\n\n\n<p>En su participaci\u00f3n en la Feria de las Ideas 2024, realizada en Puebla, la diputada por Barcelona, Cayetana \u00c1lvarez, se\u00f1al\u00f3 al gobierno del presidente L\u00f3pez Obrador de abrazar a los criminales con su pol\u00edtica de \u201cabrazos no balazos\u201d.<br><\/p>\n\n\n\n<p>En su discurso, la tambi\u00e9n historiadora, periodista y portavoz de la asociaci\u00f3n c\u00edvica Libres e Iguales pidi\u00f3 a los mexicanos defender la democracia.<br><\/p>\n\n\n\n<p>\u201cVoy a hablarles con claridad (\u2026) porque las circunstancias creo que lo exigen. M\u00e9xico, este pa\u00eds formidable, esta naci\u00f3n admirable, esta potencia econ\u00f3mica y cultural impresionante est\u00e1 siendo no tomado por el crimen organizado, por la complacencia de quienes debieran defenderlo, \u2018abrazos no balazos\u2019 o m\u00e1s bien \u2018abrazos a los que dan balazos\u2019, el eslogan es bonito, pero el resultado es catastr\u00f3fico, catastr\u00f3fico con la democracia y sobre todo, para los j\u00f3venes, miles de j\u00f3venes mexicanos est\u00e1n matando y muriendo (\u2026) y esto no es responsabilidad solo de los criminales, tambi\u00e9n lo es principalmente de quienes gobiernan y aplican las pol\u00edticas de seguridad\u201d, dijo.<br><\/p>\n\n\n\n<p>Tras los dichos de la diputada espa\u00f1ola, L\u00f3pez Obrador asegur\u00f3 que Cayetana \u00c1lvarez vino a M\u00e9xico a hablar mal de \u00e9l, que le dieron \u201cuna gran difusi\u00f3n los conservadores\u201d, aunque dijo que ello \u201ces un timbre de orgullo\u201d para \u00e9l, \u201cporque esta joven, se\u00f1ora, pertenece a la ultraderecha. \u00a1No m\u00e1s a la derecha de Iberdrola!\u201d<br><\/p>\n\n\n\n<p>\u201cY va a continuar esto, pero tampoco debe, dije, repito, extra\u00f1arnos. Esto es as\u00ed, son las elecciones, hay much\u00edsimo dinero de por medio, mucho, mucho, mucho dinero de los que quieren regresar por sus fueros, y yo tambi\u00e9n quiero que regresen, pero lo que se robaron\u201d, declar\u00f3.<br><\/p>\n\n\n\n<p>Por otro lado, insisti\u00f3 en que s\u00ed va a poder dejar el mejor sistema de salud del mundo y asegur\u00f3 que eso lo lograr\u00e1 a seis meses de que termine su periodo en la Presidencia de M\u00e9xico.<br><\/p>\n\n\n\n<p>L\u00f3pez Obrador mencion\u00f3 que su gobierno realiza un diagn\u00f3stico del fortalecimiento del sistema de salud p\u00fablica, que tiene el compromiso, y los compromisos se cumplen.<br><\/p>\n\n\n\n<p>\u00a0\u201cY nos faltan seis meses y s\u00ed vamos a poder porque ya hemos vencido muchos obst\u00e1culos\u201d, agreg\u00f3 al mencionar que se tienen \u201ctodas las medicinas\u201d en el pa\u00eds porque hay recursos.<br><\/p>\n\n\n\n<p>Volvi\u00f3 a acusar L\u00f3pez Obrador el negocio de la venta y distribuci\u00f3n de medicamentos, que \u201cahora los podemos comparar en la India, en China, en Jap\u00f3n, en Francia, donde est\u00e9n, todos, y cuesten lo que cuesten\u201d.<br><\/p>\n\n\n\n<p>\u201cS\u00ed vamos a cumplir con lo de la salud que nos importa much\u00edsimo\u201d, a\u00f1adi\u00f3.<\/p>\n","protected":false},"excerpt":{"rendered":"<p>El presidente asegura que la diputada de Barcelona vino a M\u00e9xico a hablar mal de \u00e9l, por criticar la \u201cestrategia\u201d que implement\u00f3 contra la delincuencia organizada. Cayetana \u00c1lvarez se\u00f1al\u00f3 al gobierno del presidente L\u00f3pez Obrador de abrazar a los criminales, lo que fue mal visto por el mandatario, quien este lunes sostuvo que \u201cvino a [&hellip;]<\/p>\n","protected":false},"author":1,"featured_media":49442,"comment_status":"closed","ping_status":"closed","sticky":false,"template":"","format":"standard","meta":{"footnotes":""},"categories":[34],"tags":[],"class_list":["post-49441","post","type-post","status-publish","format-standard","has-post-thumbnail","hentry","category-nacional"],"_links":{"self":[{"href":"https:\/\/elinformante.mx\/index.php?rest_route=\/wp\/v2\/posts\/49441","targetHints":{"allow":["GET"]}}],"collection":[{"href":"https:\/\/elinformante.mx\/index.php?rest_route=\/wp\/v2\/posts"}],"about":[{"href":"https:\/\/elinformante.mx\/index.php?rest_route=\/wp\/v2\/types\/post"}],"author":[{"embeddable":true,"href":"https:\/\/elinformante.mx\/index.php?rest_route=\/wp\/v2\/users\/1"}],"replies":[{"embeddable":true,"href":"https:\/\/elinformante.mx\/index.php?rest_route=%2Fwp%2Fv2%2Fcomments&post=49441"}],"version-history":[{"count":0,"href":"https:\/\/elinformante.mx\/index.php?rest_route=\/wp\/v2\/posts\/49441\/revisions"}],"wp:featuredmedia":[{"embeddable":true,"href":"https:\/\/elinformante.mx\/index.php?rest_route=\/wp\/v2\/media\/49442"}],"wp:attachment":[{"href":"https:\/\/elinformante.mx\/index.php?rest_route=%2Fwp%2Fv2%2Fmedia&parent=49441"}],"wp:term":[{"taxonomy":"category","embeddable":true,"href":"https:\/\/elinformante.mx\/index.php?rest_route=%2Fwp%2Fv2%2Fcategories&post=49441"},{"taxonomy":"post_tag","embeddable":true,"href":"https:\/\/elinformante.mx\/index.php?rest_route=%2Fwp%2Fv2%2Ftags&post=49441"}],"curies":[{"name":"wp","href":"https:\/\/api.w.org\/{rel}","templated":true}]}}