{"id":49447,"date":"2024-03-12T07:47:31","date_gmt":"2024-03-12T13:47:31","guid":{"rendered":"https:\/\/elinformante.mx\/?p=49447"},"modified":"2024-03-12T07:47:32","modified_gmt":"2024-03-12T13:47:32","slug":"disgusta-a-sheinbaum-evaluacion-del-episcopado-de-la-realidad-de-mexico","status":"publish","type":"post","link":"https:\/\/elinformante.mx\/?p=49447","title":{"rendered":"Disgusta a Sheinbaum evaluaci\u00f3n del Episcopado de la realidad de M\u00e9xico"},"content":{"rendered":"\n<blockquote class=\"wp-block-quote is-layout-flow wp-block-quote-is-layout-flow\">\n<p>\u201cNo comparto evaluaci\u00f3n pesimista\u201d, dice Claudia Sheinbaum a Episcopado Mexicano.<\/p>\n<\/blockquote>\n\n\n\n<p>La abanderada presidencial de la coalici\u00f3n \u201cSigamos Haciendo Historia\u201d, Claudia Sheinbaum, firm\u00f3 el Compromiso por la Paz, a pesar de las discrepancias<br><\/p>\n\n\n\n<p>La abanderada presidencial de la coalici\u00f3n \u201cSigamos Haciendo Historia\u201d, calific\u00f3 como \u201cpesimista\u201d el diagn\u00f3stico que present\u00f3 la Conferencia del Episcopado Mexicano para convocar a las candidaturas presidenciales un Compromiso por la Paz y el cual firm\u00f3 por \u201chonestidad y congruencia\u201d, a pesar de las discrepancias.<br><\/p>\n\n\n\n<p>Luego de escuchar las propuestas de la Iglesia Cat\u00f3lica, que tambi\u00e9n se expusieron a los dos aspirantes al mismo cargo, la candidata present\u00f3 su documento \u201cSigamos dialogando\u201d, para marcar sus desacuerdos y exclam\u00f3: \u201cno comparto la evaluaci\u00f3n pesimista del momento actual\u201d.<br><\/p>\n\n\n\n<p>Previo a exponer en lo que no est\u00e1 de acuerdo, ley\u00f3 fragmentos de la carta enc\u00edclica Fratelli tutti, del Pap\u00e1 Francisco, para se\u00f1alar que el camino a la paz es asegurar \u201ctierra, techo y trabajo para todos\u201d y no la \u201cestrategia carente de sentido y corta de miras de sembrar temor y desconfianza ante amenazas externas\u201d.<br><\/p>\n\n\n\n<p>Enlist\u00f3 varios puntos con los que no concuerda y que se expresaron, como la afirmaci\u00f3n del aumento de la delincuencia com\u00fan y que las estrategias nacionales han sido insuficientes.<br><\/p>\n\n\n\n<p>Tambi\u00e9n neg\u00f3 que exista una militarizaci\u00f3n del pa\u00eds y descalific\u00f3 que se \u201cminimicen\u201d las funciones del Estado, y se separ\u00f3 de la defensa de instituciones y lo relativo a los \u00f3rganos aut\u00f3nomos que se plasm\u00f3 en el acuerdo.<br><\/p>\n\n\n\n<p>Tambi\u00e9n cuestion\u00f3 la claridad de las ideas, como aquella en la que el Episcopado afirma que el pa\u00eds se debate entre un gobierno autoritario y uno democr\u00e1tico que hasta la fecha ha sido precario, pues, dijo, que esto qued\u00f3 lejos desde 2018.<br><\/p>\n\n\n\n<p>Tambi\u00e9n dijo estar en desacuerdo con dotar de mayor presupuesto a los organismos judiciales, pues en estos hay \u201cderroche\u201d y se \u201cpervierte la justicia\u201d.<\/p>\n","protected":false},"excerpt":{"rendered":"<p>\u201cNo comparto evaluaci\u00f3n pesimista\u201d, dice Claudia Sheinbaum a Episcopado Mexicano. La abanderada presidencial de la coalici\u00f3n \u201cSigamos Haciendo Historia\u201d, Claudia Sheinbaum, firm\u00f3 el Compromiso por la Paz, a pesar de las discrepancias La abanderada presidencial de la coalici\u00f3n \u201cSigamos Haciendo Historia\u201d, calific\u00f3 como \u201cpesimista\u201d el diagn\u00f3stico que present\u00f3 la Conferencia del Episcopado Mexicano para convocar [&hellip;]<\/p>\n","protected":false},"author":1,"featured_media":49448,"comment_status":"closed","ping_status":"closed","sticky":false,"template":"","format":"standard","meta":{"footnotes":""},"categories":[34],"tags":[],"class_list":["post-49447","post","type-post","status-publish","format-standard","has-post-thumbnail","hentry","category-nacional"],"_links":{"self":[{"href":"https:\/\/elinformante.mx\/index.php?rest_route=\/wp\/v2\/posts\/49447","targetHints":{"allow":["GET"]}}],"collection":[{"href":"https:\/\/elinformante.mx\/index.php?rest_route=\/wp\/v2\/posts"}],"about":[{"href":"https:\/\/elinformante.mx\/index.php?rest_route=\/wp\/v2\/types\/post"}],"author":[{"embeddable":true,"href":"https:\/\/elinformante.mx\/index.php?rest_route=\/wp\/v2\/users\/1"}],"replies":[{"embeddable":true,"href":"https:\/\/elinformante.mx\/index.php?rest_route=%2Fwp%2Fv2%2Fcomments&post=49447"}],"version-history":[{"count":0,"href":"https:\/\/elinformante.mx\/index.php?rest_route=\/wp\/v2\/posts\/49447\/revisions"}],"wp:featuredmedia":[{"embeddable":true,"href":"https:\/\/elinformante.mx\/index.php?rest_route=\/wp\/v2\/media\/49448"}],"wp:attachment":[{"href":"https:\/\/elinformante.mx\/index.php?rest_route=%2Fwp%2Fv2%2Fmedia&parent=49447"}],"wp:term":[{"taxonomy":"category","embeddable":true,"href":"https:\/\/elinformante.mx\/index.php?rest_route=%2Fwp%2Fv2%2Fcategories&post=49447"},{"taxonomy":"post_tag","embeddable":true,"href":"https:\/\/elinformante.mx\/index.php?rest_route=%2Fwp%2Fv2%2Ftags&post=49447"}],"curies":[{"name":"wp","href":"https:\/\/api.w.org\/{rel}","templated":true}]}}