{"id":49707,"date":"2024-03-15T05:15:25","date_gmt":"2024-03-15T11:15:25","guid":{"rendered":"https:\/\/elinformante.mx\/?p=49707"},"modified":"2024-03-15T05:44:30","modified_gmt":"2024-03-15T11:44:30","slug":"suteym-reconoce-y-honra-a-la-mujer","status":"publish","type":"post","link":"https:\/\/elinformante.mx\/?p=49707","title":{"rendered":"SUTEYM reconoce y honra a la mujer"},"content":{"rendered":"\n<blockquote class=\"wp-block-quote is-layout-flow wp-block-quote-is-layout-flow\">\n<p>El D\u00eda Internacional de la Mujer, m\u00e1s all\u00e1 de una conmemoraci\u00f3n, representa la oportunidad para generar acciones que logren eliminar la brecha entre mujeres y hombres.<\/p>\n<\/blockquote>\n\n\n\n<p>El Sindicato \u00danico de Trabajadores de los Poderes, Municipios e Instituciones Descentralizadas del Estado de M\u00e9xico (SUTEYM) realiz\u00f3 un evento magno alusivo al \u201cD\u00eda Internacional de la Mujer\u201d, el cual cont\u00f3 con la participaci\u00f3n de cerca de cuatro mil agremiadas procedentes de toda la entidad.<br><\/p>\n\n\n\n<p>Herminio Cahue Calder\u00f3n, secretario general de la organizaci\u00f3n, encabez\u00f3 este acto conmemorativo acompa\u00f1ado por integrantes del Comit\u00e9 Ejecutivo Estatal y estructura gremial. En su mensaje refrend\u00f3 el apoyo, respaldo y solidaridad del sindicato para con la lucha social en favor de la igualdad de g\u00e9nero.<br><\/p>\n\n\n\n<p>\u201cEl D\u00eda Internacional de la Mujer, m\u00e1s all\u00e1 de una conmemoraci\u00f3n, representa la oportunidad para generar acciones que logren eliminar la brecha entre mujeres y hombres; y que verdaderamente se forje y consolide el trabajo para fortalecer la igualdad para todas las mujeres y ni\u00f1as de nuestro pa\u00eds y del mundo entero\u201d, manifest\u00f3 el l\u00edder sindical.<br><\/p>\n\n\n\n<figure class=\"wp-block-image size-large\"><img fetchpriority=\"high\" decoding=\"async\" width=\"1024\" height=\"503\" src=\"https:\/\/elinformante.mx\/wp-content\/uploads\/2024\/03\/7.2SUTEYM-1024x503.jpg\" alt=\"\" class=\"wp-image-49709\" srcset=\"https:\/\/elinformante.mx\/wp-content\/uploads\/2024\/03\/7.2SUTEYM-1024x503.jpg 1024w, https:\/\/elinformante.mx\/wp-content\/uploads\/2024\/03\/7.2SUTEYM-300x147.jpg 300w, https:\/\/elinformante.mx\/wp-content\/uploads\/2024\/03\/7.2SUTEYM-768x377.jpg 768w, https:\/\/elinformante.mx\/wp-content\/uploads\/2024\/03\/7.2SUTEYM-580x285.jpg 580w, https:\/\/elinformante.mx\/wp-content\/uploads\/2024\/03\/7.2SUTEYM-860x422.jpg 860w, https:\/\/elinformante.mx\/wp-content\/uploads\/2024\/03\/7.2SUTEYM.jpg 1140w\" sizes=\"(max-width: 1024px) 100vw, 1024px\" \/><\/figure>\n\n\n\n<p>Asimismo asever\u00f3 que: \u201cla mujer suteymista es imprescindible para el avance de las instituciones. La equidad de g\u00e9nero y el empoderamiento de las mujeres son conceptos sociales que se han vuelto permanentes y que nos invitan a trabajar cotidianamente por ellos. No podemos tener o\u00eddos sordos ni estar ciegos ante evidentes realidades\u201d, subray\u00f3 Cahue Calder\u00f3n.<br><\/p>\n\n\n\n<p>Para finalizar su intervenci\u00f3n, Herminio Cahue manifest\u00f3 que quienes integran el Comit\u00e9 Ejecutivo Estatal reconocen, respetan, admiran y quieren a las mujeres suteymistas, por lo que reiter\u00f3 el compromiso para velar por sus derechos.<br><\/p>\n\n\n\n<p>En su momento, Mercedes Pilar Laguna Mendoza, secretaria de Acci\u00f3n Femenil, dijo que en las diferentes \u00e1reas que conforman el gobierno estatal, las administraciones municipales, as\u00ed como las de los organismos descentralizados, hay 463 espacios de elecci\u00f3n en la estructura primaria de la organizaci\u00f3n, de los cuales, destac\u00f3, son 229 ocupados por mujeres, lo que equivale a un 49 por ciento de bases activas y participativas.<br><\/p>\n\n\n\n<p>A su llegada, las agremiadas fueron recibidas con un obsequio; despu\u00e9s pudieron atender la conferencia del psicoterapeuta Mario Guerra: \u201cUna nueva mirada a la mujer\u201d, que motiv\u00f3 a la reflexi\u00f3n sobre la participaci\u00f3n de todos para consolidar una igualdad de g\u00e9nero. Finalmente, Ernesto D\u2019alessio puso a bailar y a cantar a las suteymistas.<\/p>\n","protected":false},"excerpt":{"rendered":"<p>El D\u00eda Internacional de la Mujer, m\u00e1s all\u00e1 de una conmemoraci\u00f3n, representa la oportunidad para generar acciones que logren eliminar la brecha entre mujeres y hombres. El Sindicato \u00danico de Trabajadores de los Poderes, Municipios e Instituciones Descentralizadas del Estado de M\u00e9xico (SUTEYM) realiz\u00f3 un evento magno alusivo al \u201cD\u00eda Internacional de la Mujer\u201d, el [&hellip;]<\/p>\n","protected":false},"author":1,"featured_media":49708,"comment_status":"closed","ping_status":"closed","sticky":false,"template":"","format":"standard","meta":{"footnotes":""},"categories":[30,36],"tags":[],"class_list":["post-49707","post","type-post","status-publish","format-standard","has-post-thumbnail","hentry","category-destacado","category-edomex"],"_links":{"self":[{"href":"https:\/\/elinformante.mx\/index.php?rest_route=\/wp\/v2\/posts\/49707","targetHints":{"allow":["GET"]}}],"collection":[{"href":"https:\/\/elinformante.mx\/index.php?rest_route=\/wp\/v2\/posts"}],"about":[{"href":"https:\/\/elinformante.mx\/index.php?rest_route=\/wp\/v2\/types\/post"}],"author":[{"embeddable":true,"href":"https:\/\/elinformante.mx\/index.php?rest_route=\/wp\/v2\/users\/1"}],"replies":[{"embeddable":true,"href":"https:\/\/elinformante.mx\/index.php?rest_route=%2Fwp%2Fv2%2Fcomments&post=49707"}],"version-history":[{"count":0,"href":"https:\/\/elinformante.mx\/index.php?rest_route=\/wp\/v2\/posts\/49707\/revisions"}],"wp:featuredmedia":[{"embeddable":true,"href":"https:\/\/elinformante.mx\/index.php?rest_route=\/wp\/v2\/media\/49708"}],"wp:attachment":[{"href":"https:\/\/elinformante.mx\/index.php?rest_route=%2Fwp%2Fv2%2Fmedia&parent=49707"}],"wp:term":[{"taxonomy":"category","embeddable":true,"href":"https:\/\/elinformante.mx\/index.php?rest_route=%2Fwp%2Fv2%2Fcategories&post=49707"},{"taxonomy":"post_tag","embeddable":true,"href":"https:\/\/elinformante.mx\/index.php?rest_route=%2Fwp%2Fv2%2Ftags&post=49707"}],"curies":[{"name":"wp","href":"https:\/\/api.w.org\/{rel}","templated":true}]}}