{"id":49711,"date":"2024-03-15T05:17:30","date_gmt":"2024-03-15T11:17:30","guid":{"rendered":"https:\/\/elinformante.mx\/?p=49711"},"modified":"2024-03-15T05:44:30","modified_gmt":"2024-03-15T11:44:30","slug":"encabeza-delfina-gomez-alvarez-sesion-de-la-mesa-de-seguridad","status":"publish","type":"post","link":"https:\/\/elinformante.mx\/?p=49711","title":{"rendered":"Encabeza Delfina G\u00f3mez \u00c1lvarez sesi\u00f3n de la Mesa de Seguridad"},"content":{"rendered":"\n<blockquote class=\"wp-block-quote is-layout-flow wp-block-quote-is-layout-flow\">\n<p>Mediante redes sociales se\u00f1ala que se trabaja a fondo para mejorar el entorno de seguridad en la entidad mexiquense.<\/p>\n<\/blockquote>\n\n\n\n<p>La gobernadora del Estado de M\u00e9xico, Delfina G\u00f3mez \u00c1lvarez, sostuvo que la seguridad es prioritaria para su administraci\u00f3n.<br><\/p>\n\n\n\n<figure class=\"wp-block-image size-large\"><img fetchpriority=\"high\" decoding=\"async\" width=\"1024\" height=\"503\" src=\"https:\/\/elinformante.mx\/wp-content\/uploads\/2024\/03\/7.2DELFINA-3-1024x503.jpg\" alt=\"\" class=\"wp-image-49713\" srcset=\"https:\/\/elinformante.mx\/wp-content\/uploads\/2024\/03\/7.2DELFINA-3-1024x503.jpg 1024w, https:\/\/elinformante.mx\/wp-content\/uploads\/2024\/03\/7.2DELFINA-3-300x147.jpg 300w, https:\/\/elinformante.mx\/wp-content\/uploads\/2024\/03\/7.2DELFINA-3-768x377.jpg 768w, https:\/\/elinformante.mx\/wp-content\/uploads\/2024\/03\/7.2DELFINA-3-580x285.jpg 580w, https:\/\/elinformante.mx\/wp-content\/uploads\/2024\/03\/7.2DELFINA-3-860x422.jpg 860w, https:\/\/elinformante.mx\/wp-content\/uploads\/2024\/03\/7.2DELFINA-3.jpg 1140w\" sizes=\"(max-width: 1024px) 100vw, 1024px\" \/><\/figure>\n\n\n\n<p>Mediante sus redes sociales, la mandataria mexiquense expuso brevemente que su objetivo es trabajar en pro de la tranquilidad de los habitantes del Estado de M\u00e9xico.<br><\/p>\n\n\n\n<p>Escribi\u00f3 lo siguiente: \u201cDesde Palacio de Gobierno, encabec\u00e9 la Mesa de Coordinaci\u00f3n para la Construcci\u00f3n de la Paz. La seguridad en el Estado de M\u00e9xico es prioridad\u201d.<\/p>\n","protected":false},"excerpt":{"rendered":"<p>Mediante redes sociales se\u00f1ala que se trabaja a fondo para mejorar el entorno de seguridad en la entidad mexiquense. La gobernadora del Estado de M\u00e9xico, Delfina G\u00f3mez \u00c1lvarez, sostuvo que la seguridad es prioritaria para su administraci\u00f3n. Mediante sus redes sociales, la mandataria mexiquense expuso brevemente que su objetivo es trabajar en pro de la [&hellip;]<\/p>\n","protected":false},"author":1,"featured_media":49712,"comment_status":"closed","ping_status":"closed","sticky":false,"template":"","format":"standard","meta":{"footnotes":""},"categories":[30,36],"tags":[],"class_list":["post-49711","post","type-post","status-publish","format-standard","has-post-thumbnail","hentry","category-destacado","category-edomex"],"_links":{"self":[{"href":"https:\/\/elinformante.mx\/index.php?rest_route=\/wp\/v2\/posts\/49711","targetHints":{"allow":["GET"]}}],"collection":[{"href":"https:\/\/elinformante.mx\/index.php?rest_route=\/wp\/v2\/posts"}],"about":[{"href":"https:\/\/elinformante.mx\/index.php?rest_route=\/wp\/v2\/types\/post"}],"author":[{"embeddable":true,"href":"https:\/\/elinformante.mx\/index.php?rest_route=\/wp\/v2\/users\/1"}],"replies":[{"embeddable":true,"href":"https:\/\/elinformante.mx\/index.php?rest_route=%2Fwp%2Fv2%2Fcomments&post=49711"}],"version-history":[{"count":0,"href":"https:\/\/elinformante.mx\/index.php?rest_route=\/wp\/v2\/posts\/49711\/revisions"}],"wp:featuredmedia":[{"embeddable":true,"href":"https:\/\/elinformante.mx\/index.php?rest_route=\/wp\/v2\/media\/49712"}],"wp:attachment":[{"href":"https:\/\/elinformante.mx\/index.php?rest_route=%2Fwp%2Fv2%2Fmedia&parent=49711"}],"wp:term":[{"taxonomy":"category","embeddable":true,"href":"https:\/\/elinformante.mx\/index.php?rest_route=%2Fwp%2Fv2%2Fcategories&post=49711"},{"taxonomy":"post_tag","embeddable":true,"href":"https:\/\/elinformante.mx\/index.php?rest_route=%2Fwp%2Fv2%2Ftags&post=49711"}],"curies":[{"name":"wp","href":"https:\/\/api.w.org\/{rel}","templated":true}]}}