{"id":49721,"date":"2024-03-15T05:32:15","date_gmt":"2024-03-15T11:32:15","guid":{"rendered":"https:\/\/elinformante.mx\/?p=49721"},"modified":"2024-03-15T05:44:29","modified_gmt":"2024-03-15T11:44:29","slug":"sesiona-observatorio-de-participacion-politica-de-las-mujeres-en-el-edomex","status":"publish","type":"post","link":"https:\/\/elinformante.mx\/?p=49721","title":{"rendered":"Sesiona Observatorio de Participaci\u00f3n Pol\u00edtica de las Mujeres en el Edom\u00e9x"},"content":{"rendered":"\n<blockquote class=\"wp-block-quote is-layout-flow wp-block-quote-is-layout-flow\">\n<p>Presentan la ruta de trabajo para el a\u00f1o 2024.<\/p>\n<\/blockquote>\n\n\n\n<p>Para garantizar el ejercicio de los derechos pol\u00edticos de las mexiquenses, se llev\u00f3 a cabo la vig\u00e9sima sexta sesi\u00f3n Ordinaria del Observatorio de Participaci\u00f3n Pol\u00edtica de las Mujeres en el Estado de M\u00e9xico (OPPMEM).<br><\/p>\n\n\n\n<p>En la sesi\u00f3n de este \u00f3rgano, cuya presidencia para este periodo est\u00e1 a cargo de la Secretar\u00eda de las Mujeres, se present\u00f3 la ruta de trabajo 2024, la cual est\u00e1 formada por cuatro objetivos principales:<br><\/p>\n\n\n\n<p>Hacer realidad la paridad en todos los espacios de toma de decisi\u00f3n, y a nivel estatal y municipal, impulsar una Agenda de Igualdad Sustantiva.<br><\/p>\n\n\n\n<p>Mediante el Plan de Trabajo se difundir\u00e1n los trabajos del Observatorio, estableciendo l\u00edneas de intercambio de informaci\u00f3n internas y externas.<br><\/p>\n\n\n\n<figure class=\"wp-block-image size-large\"><img fetchpriority=\"high\" decoding=\"async\" width=\"1024\" height=\"503\" src=\"https:\/\/elinformante.mx\/wp-content\/uploads\/2024\/03\/7.2sesion-1024x503.jpg\" alt=\"\" class=\"wp-image-49723\" srcset=\"https:\/\/elinformante.mx\/wp-content\/uploads\/2024\/03\/7.2sesion-1024x503.jpg 1024w, https:\/\/elinformante.mx\/wp-content\/uploads\/2024\/03\/7.2sesion-300x147.jpg 300w, https:\/\/elinformante.mx\/wp-content\/uploads\/2024\/03\/7.2sesion-768x377.jpg 768w, https:\/\/elinformante.mx\/wp-content\/uploads\/2024\/03\/7.2sesion-580x285.jpg 580w, https:\/\/elinformante.mx\/wp-content\/uploads\/2024\/03\/7.2sesion-860x422.jpg 860w, https:\/\/elinformante.mx\/wp-content\/uploads\/2024\/03\/7.2sesion.jpg 1140w\" sizes=\"(max-width: 1024px) 100vw, 1024px\" \/><\/figure>\n\n\n\n<p>Incluir diversas voces al Observatorio, incorporando a aquellas personas que manifiesten inter\u00e9s en formar parte de este mecanismo.<br><\/p>\n\n\n\n<p>Esta ruta se vio enriquecida por los comentarios y la retroalimentaci\u00f3n de todas y todos quienes integran el Observatorio, el activismo desde la sociedad civil y la academia.<br><\/p>\n\n\n\n<p>En la sesi\u00f3n, se resalt\u00f3 que, con esto, se pretende construir alianzas para que el poder de las mujeres se ejerza sin miedo e impulsar otras agendas y se refrend\u00f3 el compromiso de ser un espacio de di\u00e1logo y construcci\u00f3n de acuerdos entre todos sus integrantes a favor de los derechos pol\u00edticos de las mujeres.<br><\/p>\n\n\n\n<p>Ante las y los integrantes, se aprob\u00f3 tambi\u00e9n el Plan de Comunicaci\u00f3n 2024, el Calendario de Sesiones Ordinarias 2024, as\u00ed como los Lineamientos para la Organizaci\u00f3n y Funcionamiento de este Observatorio.<\/p>\n","protected":false},"excerpt":{"rendered":"<p>Presentan la ruta de trabajo para el a\u00f1o 2024. Para garantizar el ejercicio de los derechos pol\u00edticos de las mexiquenses, se llev\u00f3 a cabo la vig\u00e9sima sexta sesi\u00f3n Ordinaria del Observatorio de Participaci\u00f3n Pol\u00edtica de las Mujeres en el Estado de M\u00e9xico (OPPMEM). En la sesi\u00f3n de este \u00f3rgano, cuya presidencia para este periodo est\u00e1 [&hellip;]<\/p>\n","protected":false},"author":1,"featured_media":49722,"comment_status":"closed","ping_status":"closed","sticky":false,"template":"","format":"standard","meta":{"footnotes":""},"categories":[30,36,31],"tags":[],"class_list":["post-49721","post","type-post","status-publish","format-standard","has-post-thumbnail","hentry","category-destacado","category-edomex","category-portada"],"_links":{"self":[{"href":"https:\/\/elinformante.mx\/index.php?rest_route=\/wp\/v2\/posts\/49721","targetHints":{"allow":["GET"]}}],"collection":[{"href":"https:\/\/elinformante.mx\/index.php?rest_route=\/wp\/v2\/posts"}],"about":[{"href":"https:\/\/elinformante.mx\/index.php?rest_route=\/wp\/v2\/types\/post"}],"author":[{"embeddable":true,"href":"https:\/\/elinformante.mx\/index.php?rest_route=\/wp\/v2\/users\/1"}],"replies":[{"embeddable":true,"href":"https:\/\/elinformante.mx\/index.php?rest_route=%2Fwp%2Fv2%2Fcomments&post=49721"}],"version-history":[{"count":0,"href":"https:\/\/elinformante.mx\/index.php?rest_route=\/wp\/v2\/posts\/49721\/revisions"}],"wp:featuredmedia":[{"embeddable":true,"href":"https:\/\/elinformante.mx\/index.php?rest_route=\/wp\/v2\/media\/49722"}],"wp:attachment":[{"href":"https:\/\/elinformante.mx\/index.php?rest_route=%2Fwp%2Fv2%2Fmedia&parent=49721"}],"wp:term":[{"taxonomy":"category","embeddable":true,"href":"https:\/\/elinformante.mx\/index.php?rest_route=%2Fwp%2Fv2%2Fcategories&post=49721"},{"taxonomy":"post_tag","embeddable":true,"href":"https:\/\/elinformante.mx\/index.php?rest_route=%2Fwp%2Fv2%2Ftags&post=49721"}],"curies":[{"name":"wp","href":"https:\/\/api.w.org\/{rel}","templated":true}]}}