{"id":49762,"date":"2024-03-15T07:05:55","date_gmt":"2024-03-15T13:05:55","guid":{"rendered":"https:\/\/elinformante.mx\/?p=49762"},"modified":"2024-03-15T07:05:56","modified_gmt":"2024-03-15T13:05:56","slug":"protegeran-informacion-de-reclusos-que-votaran-el-proximo-2-de-junio","status":"publish","type":"post","link":"https:\/\/elinformante.mx\/?p=49762","title":{"rendered":"Proteger\u00e1n informaci\u00f3n de reclusos que votar\u00e1n el pr\u00f3ximo 2 de junio"},"content":{"rendered":"\n<blockquote class=\"wp-block-quote is-layout-flow wp-block-quote-is-layout-flow\">\n<p>La Secretar\u00eda de Seguridad del Estado de M\u00e9xico firm\u00f3 un convenio con el Instituto de Transparencia, Acceso a la Informaci\u00f3n P\u00fablica y Protecci\u00f3n de Datos Personales del Estado de M\u00e9xico y Municipios.<\/p>\n<\/blockquote>\n\n\n\n<p>La Secretar\u00eda de Seguridad del Estado de M\u00e9xico (SSEM) firm\u00f3 un convenio con el Instituto de Transparencia, Acceso a la Informaci\u00f3n P\u00fablica y Protecci\u00f3n de Datos Personales del Estado de M\u00e9xico y Municipios (INFOEM) para brindar capacitaci\u00f3n y asesor\u00eda al personal designado por la SSEM, para el correcto y adecuado tratamiento de informaci\u00f3n confidencial de las personas que se encuentran en prisi\u00f3n preventiva y tengan derecho a votar en las pr\u00f3ximas elecciones.<br><\/p>\n\n\n\n<p>En las instalaciones del Centro de Mando de la entidad, ambas instituciones signaron el acuerdo que aplicar\u00e1 para las personas en prisi\u00f3n preventiva que se encuentren en alguno de los 20 Centros Penitenciarios y de Reinserci\u00f3n Social (CPRS) de la entidad. Dichos datos ser\u00e1n compartidos con el Instituto Nacional Electoral (INE) como parte del Proceso Electoral Federal 2023-2024.<br><\/p>\n\n\n\n<p>El convenio da seguimiento a los trabajos realizados el 15 de diciembre del a\u00f1o pasado, cuya intenci\u00f3n es establecer los mecanismos necesarios para que hombres y mujeres al interior de los CPRS ejerzan su derecho al voto.<br><\/p>\n\n\n\n<p>El INFOEM es un organismo p\u00fablico estatal constitucionalmente aut\u00f3nomo, especializado, imparcial y colegiado, dotado de personalidad jur\u00eddica y patrimonio propio. Cabe se\u00f1alar que este evento no constituye ninguna difusi\u00f3n gubernamental.<\/p>\n","protected":false},"excerpt":{"rendered":"<p>La Secretar\u00eda de Seguridad del Estado de M\u00e9xico firm\u00f3 un convenio con el Instituto de Transparencia, Acceso a la Informaci\u00f3n P\u00fablica y Protecci\u00f3n de Datos Personales del Estado de M\u00e9xico y Municipios. La Secretar\u00eda de Seguridad del Estado de M\u00e9xico (SSEM) firm\u00f3 un convenio con el Instituto de Transparencia, Acceso a la Informaci\u00f3n P\u00fablica y [&hellip;]<\/p>\n","protected":false},"author":1,"featured_media":49763,"comment_status":"closed","ping_status":"closed","sticky":false,"template":"","format":"standard","meta":{"footnotes":""},"categories":[36],"tags":[],"class_list":["post-49762","post","type-post","status-publish","format-standard","has-post-thumbnail","hentry","category-edomex"],"_links":{"self":[{"href":"https:\/\/elinformante.mx\/index.php?rest_route=\/wp\/v2\/posts\/49762","targetHints":{"allow":["GET"]}}],"collection":[{"href":"https:\/\/elinformante.mx\/index.php?rest_route=\/wp\/v2\/posts"}],"about":[{"href":"https:\/\/elinformante.mx\/index.php?rest_route=\/wp\/v2\/types\/post"}],"author":[{"embeddable":true,"href":"https:\/\/elinformante.mx\/index.php?rest_route=\/wp\/v2\/users\/1"}],"replies":[{"embeddable":true,"href":"https:\/\/elinformante.mx\/index.php?rest_route=%2Fwp%2Fv2%2Fcomments&post=49762"}],"version-history":[{"count":0,"href":"https:\/\/elinformante.mx\/index.php?rest_route=\/wp\/v2\/posts\/49762\/revisions"}],"wp:featuredmedia":[{"embeddable":true,"href":"https:\/\/elinformante.mx\/index.php?rest_route=\/wp\/v2\/media\/49763"}],"wp:attachment":[{"href":"https:\/\/elinformante.mx\/index.php?rest_route=%2Fwp%2Fv2%2Fmedia&parent=49762"}],"wp:term":[{"taxonomy":"category","embeddable":true,"href":"https:\/\/elinformante.mx\/index.php?rest_route=%2Fwp%2Fv2%2Fcategories&post=49762"},{"taxonomy":"post_tag","embeddable":true,"href":"https:\/\/elinformante.mx\/index.php?rest_route=%2Fwp%2Fv2%2Ftags&post=49762"}],"curies":[{"name":"wp","href":"https:\/\/api.w.org\/{rel}","templated":true}]}}