{"id":49778,"date":"2024-03-15T07:26:40","date_gmt":"2024-03-15T13:26:40","guid":{"rendered":"https:\/\/elinformante.mx\/?p=49778"},"modified":"2024-03-15T07:26:42","modified_gmt":"2024-03-15T13:26:42","slug":"amlo-acusa-censura-del-ine","status":"publish","type":"post","link":"https:\/\/elinformante.mx\/?p=49778","title":{"rendered":"AMLO acusa censura del INE"},"content":{"rendered":"\n<blockquote class=\"wp-block-quote is-layout-flow wp-block-quote-is-layout-flow\">\n<p>Critic\u00f3 que el INE le ordenara bajar la entrevista que ofreci\u00f3 a Canal Red; acudir\u00e1 a tribunales, ya que sostiene que lo est\u00e1n censurando.<\/p>\n<\/blockquote>\n\n\n\n<p>Era de esperarse. De nueva cuenta el presidente Andr\u00e9s Manuel L\u00f3pez Obrador, se hizo la v\u00edctima y acus\u00f3 que la orden del Instituto Nacional Electoral (INE) de bajar entrevista que sostuvo con la periodista Inna Afinogenova de Canal Red por hablar de elecciones, es una \u201ccensura\u201d del \u00f3rgano electoral\u201d y adelant\u00f3 que recurrir\u00e1 al Tribunal Electoral (TEPJF) para impugnar esta decisi\u00f3n.<br><\/p>\n\n\n\n<p>Incluso, asegur\u00f3 que no recuerda haber inferido que Claudia Sheinbaum Pardo ser\u00eda su sucesora, y asegur\u00f3 que no ha sido notificado de esta resoluci\u00f3n.<br><\/p>\n\n\n\n<p>Hay que mencionar que este jueves por la ma\u00f1ana, la Comisi\u00f3n de Quejas y Denuncias del INE orden\u00f3 al presidente L\u00f3pez Obrador eliminar o modificar la entrevista realizada por Canal Red, en la que se posicion\u00f3 sobre temas electorales y sobre la candidata presidencial Claudia Sheinbaum.<br><\/p>\n\n\n\n<p>\u201cAcaba de resolver en el INE que nos van a bajar una entrevista que nos hizo una periodista espa\u00f1ola de origen ruso, Inna Afinogenova, mientras no te notifique. Es una buena entrevista. Se ha visto mucho en M\u00e9xico y en Espa\u00f1a y porque hablamos de pues lo que me pregunta y ahora resulta que quieren que la baje \u00a1Censura!\u201d<br><\/p>\n\n\n\n<p>\u201cSe ha hablar mal de m\u00ed y a ella no la censuran. La trajo el bloque conservador, es de un partido de Espa\u00f1a, estos franquistas que quedaron que son muchos porque falleci\u00f3 Franco, pero sigue el franquismo y vino a hablar mal de m\u00ed, la trajeron con ese prop\u00f3sito y a ella no la sancionan ni a quienes la trajeron.<br><\/p>\n\n\n\n<p>\u201cViene esta compa\u00f1era (Inna Afinogenova) que es de un medio independiente por eso le di la entrevista porque no es el New York Times, el Wall Street Journal, el Washington Post. Le di la entrevista a este medio independiente y ahora les molesto y la est\u00e1n censurando\u201d.<br><\/p>\n\n\n\n<p>Ante el se\u00f1alamiento de que se habla de Claudia Sheinbaum, el mandatario federal respondi\u00f3 que \u201ces que ella me pregunta\u201d.<br><\/p>\n\n\n\n<p>\u201cHasta lo coment\u00f3 (en la entrevista) me dej\u00f3 como un lim\u00f3n exprimido porque me pregunt\u00f3 de todo, pero me est\u00e1n informando que ya la censuraron, nada m\u00e1s que podemos acudir al Tribunal y nos va a dar tiempo\u201d, dijo.<br><\/p>\n\n\n\n<p>La Comisi\u00f3n de Quejas y Denuncias del INE orden\u00f3 al presidente Andr\u00e9s Manuel L\u00f3pez Obrador eliminar o modificar la entrevista realizada por Canal Red, en la que se posicion\u00f3 sobre temas electorales y sobre la candidata presidencial Claudia Sheinbaum.<br><\/p>\n\n\n\n<p>Tambi\u00e9n aprob\u00f3 una tutela preventiva en la que nuevamente le hace un llamado a abstenerse de pronunciarse sobre el proceso electoral y que se apegue a los principios de neutralidad e imparcialidad.<br><\/p>\n\n\n\n<p>Los partidos PAN y PRD denunciaron la entrevista realizada al presidente L\u00f3pez Obrador por la periodista Inna Afinogenova en Canal Red, en la que se\u00f1alaron que realiz\u00f3 manifestaciones que podr\u00edan vulnerar los principios de neutralidad, equidad e imparcialidad en el proceso electoral 2024, as\u00ed como uso indebido de recursos p\u00fablicos.<br><\/p>\n\n\n\n<p>La Comisi\u00f3n orden\u00f3 la eliminaci\u00f3n o modificaci\u00f3n de la entrevista en los canales de Facebook y YouTube del presidente, as\u00ed como de la p\u00e1gina oficial en un plazo m\u00e1ximo de 6 horas a partir de la modificaci\u00f3n, al advertir preliminarmente expresiones que podr\u00edan afectar la contienda.<br><\/p>\n\n\n\n<p>Sin embargo, declar\u00f3 improcedente bajar el contenido de las plataformas de Canal Red, por tratarse de una expresi\u00f3n de actividad period\u00edstica, ni de la cuenta de X del presidente porque no se encontraron las expresiones denunciadas.<br><\/p>\n\n\n\n<p>En la entrevista el mandatario habla sobre la sucesi\u00f3n, la continuidad de la 4T y que ha convencido de votar a cierto grupo de personas de apoyar a su movimiento, as\u00ed como cualidades de Claudia Sheinbaum, candidata a la presidencia de la coalici\u00f3n Sigamos Haciendo Historia, por lo que estos elementos \u201cpodr\u00edan generar un desequilibrio en la equidad de los procesos electorales\u201d.<br><\/p>\n\n\n\n<p>En cuanto a la tutela preventiva, la Comisi\u00f3n subray\u00f3 que \u201cen diversas ocasiones el denunciado ha sido se\u00f1alado y conminado a ajustar su conducta a los principios constitucionales de imparcialidad y neutralidad que rigen la funci\u00f3n p\u00fablica\u201d.<br><\/p>\n\n\n\n<p>Por tanto, se le pide nuevamente que se abstenga nuevamente de realizar manifestaciones emitir comentarios o realizar publicaciones o se\u00f1alamientos sobre temas electorales.<\/p>\n","protected":false},"excerpt":{"rendered":"<p>Critic\u00f3 que el INE le ordenara bajar la entrevista que ofreci\u00f3 a Canal Red; acudir\u00e1 a tribunales, ya que sostiene que lo est\u00e1n censurando. Era de esperarse. De nueva cuenta el presidente Andr\u00e9s Manuel L\u00f3pez Obrador, se hizo la v\u00edctima y acus\u00f3 que la orden del Instituto Nacional Electoral (INE) de bajar entrevista que sostuvo [&hellip;]<\/p>\n","protected":false},"author":1,"featured_media":49779,"comment_status":"closed","ping_status":"closed","sticky":false,"template":"","format":"standard","meta":{"footnotes":""},"categories":[34],"tags":[],"class_list":["post-49778","post","type-post","status-publish","format-standard","has-post-thumbnail","hentry","category-nacional"],"_links":{"self":[{"href":"https:\/\/elinformante.mx\/index.php?rest_route=\/wp\/v2\/posts\/49778","targetHints":{"allow":["GET"]}}],"collection":[{"href":"https:\/\/elinformante.mx\/index.php?rest_route=\/wp\/v2\/posts"}],"about":[{"href":"https:\/\/elinformante.mx\/index.php?rest_route=\/wp\/v2\/types\/post"}],"author":[{"embeddable":true,"href":"https:\/\/elinformante.mx\/index.php?rest_route=\/wp\/v2\/users\/1"}],"replies":[{"embeddable":true,"href":"https:\/\/elinformante.mx\/index.php?rest_route=%2Fwp%2Fv2%2Fcomments&post=49778"}],"version-history":[{"count":0,"href":"https:\/\/elinformante.mx\/index.php?rest_route=\/wp\/v2\/posts\/49778\/revisions"}],"wp:featuredmedia":[{"embeddable":true,"href":"https:\/\/elinformante.mx\/index.php?rest_route=\/wp\/v2\/media\/49779"}],"wp:attachment":[{"href":"https:\/\/elinformante.mx\/index.php?rest_route=%2Fwp%2Fv2%2Fmedia&parent=49778"}],"wp:term":[{"taxonomy":"category","embeddable":true,"href":"https:\/\/elinformante.mx\/index.php?rest_route=%2Fwp%2Fv2%2Fcategories&post=49778"},{"taxonomy":"post_tag","embeddable":true,"href":"https:\/\/elinformante.mx\/index.php?rest_route=%2Fwp%2Fv2%2Ftags&post=49778"}],"curies":[{"name":"wp","href":"https:\/\/api.w.org\/{rel}","templated":true}]}}