{"id":49794,"date":"2024-03-15T07:38:56","date_gmt":"2024-03-15T13:38:56","guid":{"rendered":"https:\/\/elinformante.mx\/?p=49794"},"modified":"2024-03-15T07:38:57","modified_gmt":"2024-03-15T13:38:57","slug":"acusa-xochitl-galvez-a-titular-de-marina-de-intervencion","status":"publish","type":"post","link":"https:\/\/elinformante.mx\/?p=49794","title":{"rendered":"Acusa X\u00f3chitl G\u00e1lvez a titular de Marina de intervenci\u00f3n"},"content":{"rendered":"\n<blockquote class=\"wp-block-quote is-layout-flow wp-block-quote-is-layout-flow\">\n<p>La candidata de la coalici\u00f3n Fuerza y Coraz\u00f3n por M\u00e9xico advirti\u00f3 que revelar\u00e1 las pruebas de que la dependencia no ha funcionado en los cruces fronterizos.<\/p>\n<\/blockquote>\n\n\n\n<p>La candidata presidencial de la coalici\u00f3n Fuerza y Coraz\u00f3n por M\u00e9xico, X\u00f3chitl G\u00e1lvez, acus\u00f3 que el almirante secretario de la Marina Armada, Rafael Ojeda, al igual que el presidente Andr\u00e9s Manuel L\u00f3pez Obrador, est\u00e1n interviniendo en el proceso electoral, tomando una postura de \u201cpresidentito\u201d.<br><\/p>\n\n\n\n<p>Al concluir su participaci\u00f3n en el 30 Congreso de la C\u00e1mara Mexicana de la Industria de la Construcci\u00f3n (CMIC) dio respuesta al reto hecho por el marino, en el sentido de que revelar\u00e1 las pruebas de que su dependencia no ha funcionado en los cruces fronterizos.<br><\/p>\n\n\n\n<p>Al ser cuestionada sobre la exigencia del mando, G\u00e1lvez revir\u00f3 pidi\u00e9ndole que hable con los empresarios que viven a diario \u201cla corrupci\u00f3n en las aduanas\u201d.<br><\/p>\n\n\n\n<p>\u00bfEs una intervenci\u00f3n del secretario de Marina en el proceso electoral? \u2013 se le pregunt\u00f3.<br><\/p>\n\n\n\n<p>Pues s\u00ed, est\u00e1 igual que el Presidente, parece el presidentito, se\u00f1al\u00f3.<br><\/p>\n\n\n\n<p>Este mi\u00e9rcoles, desde Tijuana, Baja California, G\u00e1lvez afirm\u00f3 que armas y droga siguen cruzando por la frontera de M\u00e9xico con Estados Unidos \u201ccomo si la Marina no existiera\u201d.<br><\/p>\n\n\n\n<p>La abanderada del PAN, PRI y PRD afirm\u00f3 que este tipo de intervenciones desde el gobierno federal obedecen a que el Presidente \u201csabe que va a perder, porque no hay candidata enfrente\u201d.<\/p>\n","protected":false},"excerpt":{"rendered":"<p>La candidata de la coalici\u00f3n Fuerza y Coraz\u00f3n por M\u00e9xico advirti\u00f3 que revelar\u00e1 las pruebas de que la dependencia no ha funcionado en los cruces fronterizos. La candidata presidencial de la coalici\u00f3n Fuerza y Coraz\u00f3n por M\u00e9xico, X\u00f3chitl G\u00e1lvez, acus\u00f3 que el almirante secretario de la Marina Armada, Rafael Ojeda, al igual que el presidente [&hellip;]<\/p>\n","protected":false},"author":1,"featured_media":49795,"comment_status":"closed","ping_status":"closed","sticky":false,"template":"","format":"standard","meta":{"footnotes":""},"categories":[34],"tags":[],"class_list":["post-49794","post","type-post","status-publish","format-standard","has-post-thumbnail","hentry","category-nacional"],"_links":{"self":[{"href":"https:\/\/elinformante.mx\/index.php?rest_route=\/wp\/v2\/posts\/49794","targetHints":{"allow":["GET"]}}],"collection":[{"href":"https:\/\/elinformante.mx\/index.php?rest_route=\/wp\/v2\/posts"}],"about":[{"href":"https:\/\/elinformante.mx\/index.php?rest_route=\/wp\/v2\/types\/post"}],"author":[{"embeddable":true,"href":"https:\/\/elinformante.mx\/index.php?rest_route=\/wp\/v2\/users\/1"}],"replies":[{"embeddable":true,"href":"https:\/\/elinformante.mx\/index.php?rest_route=%2Fwp%2Fv2%2Fcomments&post=49794"}],"version-history":[{"count":0,"href":"https:\/\/elinformante.mx\/index.php?rest_route=\/wp\/v2\/posts\/49794\/revisions"}],"wp:featuredmedia":[{"embeddable":true,"href":"https:\/\/elinformante.mx\/index.php?rest_route=\/wp\/v2\/media\/49795"}],"wp:attachment":[{"href":"https:\/\/elinformante.mx\/index.php?rest_route=%2Fwp%2Fv2%2Fmedia&parent=49794"}],"wp:term":[{"taxonomy":"category","embeddable":true,"href":"https:\/\/elinformante.mx\/index.php?rest_route=%2Fwp%2Fv2%2Fcategories&post=49794"},{"taxonomy":"post_tag","embeddable":true,"href":"https:\/\/elinformante.mx\/index.php?rest_route=%2Fwp%2Fv2%2Ftags&post=49794"}],"curies":[{"name":"wp","href":"https:\/\/api.w.org\/{rel}","templated":true}]}}