{"id":49797,"date":"2024-03-15T07:41:02","date_gmt":"2024-03-15T13:41:02","guid":{"rendered":"https:\/\/elinformante.mx\/?p=49797"},"modified":"2024-03-15T07:41:03","modified_gmt":"2024-03-15T13:41:03","slug":"se-lanza-alvarez-maynez-contra-xochitl-galvez-y-claudia-sheinbaum","status":"publish","type":"post","link":"https:\/\/elinformante.mx\/?p=49797","title":{"rendered":"Se lanza \u00c1lvarez M\u00e1ynez contra X\u00f3chitl G\u00e1lvez y Claudia Sheinbaum"},"content":{"rendered":"\n<blockquote class=\"wp-block-quote is-layout-flow wp-block-quote-is-layout-flow\">\n<p>El abanderado presidencial de Movimiento Ciudadano acus\u00f3 a la candidata de PRI, PAN y PRD, X\u00f3chitl G\u00e1lvez de ser demagoga y a Sheinbaum de ocultarse.<\/p>\n<\/blockquote>\n\n\n\n<p>El candidato presidencial de Movimiento Ciudadano, Jorge \u00c1lvarez M\u00e1ynez, asegur\u00f3 que la mejor campa\u00f1a de la candidata presidencial de Morena, PT y el Partido Verde, Claudia Sheinbaum, \u201cva a ser ocultarse\u201d, luego de que no asisti\u00f3 al 30 Congreso Mexicano de la Industria de la Construcci\u00f3n<br><\/p>\n\n\n\n<p>En entrevista, el aspirante presidencial de MC se\u00f1al\u00f3 que a la abanderada morenista \u201cle cuesta mucho resistir la cr\u00edtica\u201d.<br><\/p>\n\n\n\n<p>\u201cLa verdad es que ella (Claudia Sheinbaum) su mejor campa\u00f1a va a ser ocultarse, va a ser no hacer campa\u00f1a, va a ser prometer una continuidad, tratar de aprovechar los programas sociales, es alguien a quien le cuesta mucho resistir la cr\u00edtica, el disentimiento con todo y que tiene un trato, la verdad, muy favorecedor por parte de los poderes f\u00e1cticos de este pa\u00eds\u201d, dijo.<br><\/p>\n\n\n\n<p>El candidato presidencial de MC expuso que ya se tendr\u00e1n que ver en los debates organizados por el Instituto Nacional Electoral (INE) para debatir propuestas.<br><\/p>\n\n\n\n<p>\u201cCreo que el problema que va a tener en 90 d\u00edas va a ser que le va a parecer una campa\u00f1a eterna, afortunadamente los debates son obligatorios y ah\u00ed nos vamos a ver para discutir el futuro de M\u00e9xico\u201d, asever\u00f3.<br><\/p>\n\n\n\n<p>Por otro lado, \u00c1lvarez M\u00e1ynez calific\u00f3 a la candidata presidencial de PRI, PAN y PRD, X\u00f3chitl G\u00e1lvez, de \u201cdemagoga\u201d, al afirmar que sus promesas de campa\u00f1a no se pueden financiar.<br><\/p>\n\n\n\n<p>\u201cLa candidata (X\u00f3chitl G\u00e1lvez) que vino antes que yo dijo que iba a bajar la edad para pensionarse de 65 a 60 a\u00f1os, la del programa de adultos mayores, eso vale entre 150 mil y 200 mil millones de pesos y en cada auditorio al que va, dice lo que la gente quiere escuchar, eso, para m\u00ed, es demagogia y eso no se puede financiar\u201d, puntualiz\u00f3.<br><\/p>\n\n\n\n<p>Jorge \u00c1lvarez M\u00e1ynez indic\u00f3 que campa\u00f1as en M\u00e9xico, son \u201cuna firmadera (sic) de compromisos electoreros\u201d, por lo que expres\u00f3, prefiere perder votos a mentir.<br><\/p>\n\n\n\n<p>\u201cYo prefiero perder votos en ese sector, pero no decir una mentira. Bajar la edad para pensionarse es ir en contrasentido de a d\u00f3nde va el mundo, es fallarle a los j\u00f3venes, a las ni\u00f1as y a los ni\u00f1os de M\u00e9xico\u201d, dijo.<\/p>\n","protected":false},"excerpt":{"rendered":"<p>El abanderado presidencial de Movimiento Ciudadano acus\u00f3 a la candidata de PRI, PAN y PRD, X\u00f3chitl G\u00e1lvez de ser demagoga y a Sheinbaum de ocultarse. El candidato presidencial de Movimiento Ciudadano, Jorge \u00c1lvarez M\u00e1ynez, asegur\u00f3 que la mejor campa\u00f1a de la candidata presidencial de Morena, PT y el Partido Verde, Claudia Sheinbaum, \u201cva a ser [&hellip;]<\/p>\n","protected":false},"author":1,"featured_media":49798,"comment_status":"closed","ping_status":"closed","sticky":false,"template":"","format":"standard","meta":{"footnotes":""},"categories":[34],"tags":[],"class_list":["post-49797","post","type-post","status-publish","format-standard","has-post-thumbnail","hentry","category-nacional"],"_links":{"self":[{"href":"https:\/\/elinformante.mx\/index.php?rest_route=\/wp\/v2\/posts\/49797","targetHints":{"allow":["GET"]}}],"collection":[{"href":"https:\/\/elinformante.mx\/index.php?rest_route=\/wp\/v2\/posts"}],"about":[{"href":"https:\/\/elinformante.mx\/index.php?rest_route=\/wp\/v2\/types\/post"}],"author":[{"embeddable":true,"href":"https:\/\/elinformante.mx\/index.php?rest_route=\/wp\/v2\/users\/1"}],"replies":[{"embeddable":true,"href":"https:\/\/elinformante.mx\/index.php?rest_route=%2Fwp%2Fv2%2Fcomments&post=49797"}],"version-history":[{"count":0,"href":"https:\/\/elinformante.mx\/index.php?rest_route=\/wp\/v2\/posts\/49797\/revisions"}],"wp:featuredmedia":[{"embeddable":true,"href":"https:\/\/elinformante.mx\/index.php?rest_route=\/wp\/v2\/media\/49798"}],"wp:attachment":[{"href":"https:\/\/elinformante.mx\/index.php?rest_route=%2Fwp%2Fv2%2Fmedia&parent=49797"}],"wp:term":[{"taxonomy":"category","embeddable":true,"href":"https:\/\/elinformante.mx\/index.php?rest_route=%2Fwp%2Fv2%2Fcategories&post=49797"},{"taxonomy":"post_tag","embeddable":true,"href":"https:\/\/elinformante.mx\/index.php?rest_route=%2Fwp%2Fv2%2Ftags&post=49797"}],"curies":[{"name":"wp","href":"https:\/\/api.w.org\/{rel}","templated":true}]}}