{"id":50711,"date":"2024-04-02T05:32:44","date_gmt":"2024-04-02T11:32:44","guid":{"rendered":"https:\/\/elinformante.mx\/?p=50711"},"modified":"2024-04-02T05:32:45","modified_gmt":"2024-04-02T11:32:45","slug":"shakira-considera-la-pelicula-barbie-como-castrante","status":"publish","type":"post","link":"https:\/\/elinformante.mx\/?p=50711","title":{"rendered":"Shakira considera la pel\u00edcula \u201cBarbie\u201d como \u201ccastrante\u201d"},"content":{"rendered":"\n<blockquote class=\"wp-block-quote is-layout-flow wp-block-quote-is-layout-flow\">\n<p>La cantante colombiana comparti\u00f3 su opini\u00f3n sobre la pel\u00edcula dirigida por Greta Gerwig, revelando que sus hijos la odiaron.<\/p>\n<\/blockquote>\n\n\n\n<p>La cantante colombiana Shakira, quien se encuentra en medio de la promoci\u00f3n de su nuevo \u00e1lbum de estudio \u201cLas mujeres ya no lloran\u201d, se dio tiempo para criticar la cinta \u201cBarbie\u201d.<br><\/p>\n\n\n\n<p>Durante una entrevista reciente con la revista Allure, la cantante abord\u00f3 una amplia gama de temas, desde la inspiraci\u00f3n detr\u00e1s de sus nuevas canciones hasta su visi\u00f3n del feminismo en la cultura pop.<br><\/p>\n\n\n\n<p>En particular, fue cuestionada sobre su opini\u00f3n de la \u00faltima pel\u00edcula de Greta Gerwig y Margot Robbie, \u201cBarbie\u201d, la cual, a pesar de su \u00e9xito en taquilla, trat\u00f3 el tema del feminismo de una manera que no convenci\u00f3 a Shakira.<br><\/p>\n\n\n\n<p>Cuando se le pregunt\u00f3 si hab\u00eda visto la pel\u00edcula, Shakira respondi\u00f3 afirmativamente, pero a\u00f1adi\u00f3 una pausa significativa antes de profundizar en su opini\u00f3n. Revel\u00f3 que, aunque ella la hab\u00eda visto, sus hijos la odiaron rotundamente, calific\u00e1ndola de \u201ccastrante\u201d.<br><\/p>\n\n\n\n<p>\u201cMis hijos la odiaron absolutamente. Sintieron que era castrante. Y estoy de acuerdo, hasta cierto punto. Estoy criando a dos ni\u00f1os. Quiero que ellos tambi\u00e9n se sientan poderosos respetando a las mujeres\u201d, respondi\u00f3.<br><\/p>\n\n\n\n<p>La opini\u00f3n de sus hijos reson\u00f3 con la de Shakira hasta cierto punto. La cantante expres\u00f3 su deseo de criar a sus hijos, especialmente a sus dos hijos varones, de manera que se sientan poderosos y respeten a las mujeres.<br><\/p>\n\n\n\n<p>En ese sentido, Shakira destac\u00f3 la importancia de la cultura pop para empoderar a las mujeres sin privar a los hombres de su propia identidad y \u201croles tradicionales\u201d.<br><\/p>\n\n\n\n<p>Para Shakira, el empoderamiento femenino no implica despojar a los hombres de su lugar en la sociedad. Cree firmemente en dar a las mujeres todas las herramientas y la confianza para que puedan lograr lo que deseen sin perder su feminidad.<br><\/p>\n\n\n\n<p>\u201cMe gusta la cultura pop cuando intenta empoderar a las mujeres sin privar a los hombres de su posibilidad de ser hombres, de proteger y proveer tambi\u00e9n. Creo en darle a las mujeres todas las herramientas y la confianza de que podemos hacerlo todo sin perder nuestra esencia, sin perder nuestra feminidad\u201d, agreg\u00f3.<br><\/p>\n\n\n\n<p>En este sentido, considera que hombres y mujeres tienen roles complementarios en la sociedad y que ambos deben compartir la carga de manera equitativa.<br><\/p>\n\n\n\n<p>\u201cCreo que los hombres tienen un prop\u00f3sito en la sociedad y las mujeres tambi\u00e9n tienen otro prop\u00f3sito. Nos complementamos y ese complemento no debe perderse\u201d.<br><\/p>\n\n\n\n<p>La cantante plante\u00f3 una pregunta relevante: \u201c\u00bfEl hecho de que una mujer pueda hacerlo todo no significa que deba hacerlo?\u201d, \u201c\u00bfPor qu\u00e9 no compartir la carga con personas que merecen llevarla, que tambi\u00e9n tienen el deber de llevarla?\u201d<br><\/p>\n\n\n\n<p>Para Shakira, el feminismo no se trata de que las mujeres hagan todo por s\u00ed mismas, sino de trabajar juntos para alcanzar la igualdad y el empoderamiento para todos.<br><\/p>\n\n\n\n<p>Esta perspectiva refleja la paradoja de Shakira: por un lado, aboga por el empoderamiento de las mujeres y la igualdad de g\u00e9nero, pero por otro lado, aboga por no quitar responsabilidad a los hombres y de trabajar en armon\u00eda para lograr un equilibrio entre ambos.<\/p>\n","protected":false},"excerpt":{"rendered":"<p>La cantante colombiana comparti\u00f3 su opini\u00f3n sobre la pel\u00edcula dirigida por Greta Gerwig, revelando que sus hijos la odiaron. La cantante colombiana Shakira, quien se encuentra en medio de la promoci\u00f3n de su nuevo \u00e1lbum de estudio \u201cLas mujeres ya no lloran\u201d, se dio tiempo para criticar la cinta \u201cBarbie\u201d. Durante una entrevista reciente con [&hellip;]<\/p>\n","protected":false},"author":1,"featured_media":50714,"comment_status":"closed","ping_status":"closed","sticky":false,"template":"","format":"standard","meta":{"footnotes":""},"categories":[30,39],"tags":[],"class_list":["post-50711","post","type-post","status-publish","format-standard","has-post-thumbnail","hentry","category-destacado","category-espectaculos"],"_links":{"self":[{"href":"https:\/\/elinformante.mx\/index.php?rest_route=\/wp\/v2\/posts\/50711","targetHints":{"allow":["GET"]}}],"collection":[{"href":"https:\/\/elinformante.mx\/index.php?rest_route=\/wp\/v2\/posts"}],"about":[{"href":"https:\/\/elinformante.mx\/index.php?rest_route=\/wp\/v2\/types\/post"}],"author":[{"embeddable":true,"href":"https:\/\/elinformante.mx\/index.php?rest_route=\/wp\/v2\/users\/1"}],"replies":[{"embeddable":true,"href":"https:\/\/elinformante.mx\/index.php?rest_route=%2Fwp%2Fv2%2Fcomments&post=50711"}],"version-history":[{"count":0,"href":"https:\/\/elinformante.mx\/index.php?rest_route=\/wp\/v2\/posts\/50711\/revisions"}],"wp:featuredmedia":[{"embeddable":true,"href":"https:\/\/elinformante.mx\/index.php?rest_route=\/wp\/v2\/media\/50714"}],"wp:attachment":[{"href":"https:\/\/elinformante.mx\/index.php?rest_route=%2Fwp%2Fv2%2Fmedia&parent=50711"}],"wp:term":[{"taxonomy":"category","embeddable":true,"href":"https:\/\/elinformante.mx\/index.php?rest_route=%2Fwp%2Fv2%2Fcategories&post=50711"},{"taxonomy":"post_tag","embeddable":true,"href":"https:\/\/elinformante.mx\/index.php?rest_route=%2Fwp%2Fv2%2Ftags&post=50711"}],"curies":[{"name":"wp","href":"https:\/\/api.w.org\/{rel}","templated":true}]}}