{"id":50724,"date":"2024-04-02T05:40:13","date_gmt":"2024-04-02T11:40:13","guid":{"rendered":"https:\/\/elinformante.mx\/?p=50724"},"modified":"2024-04-02T05:40:14","modified_gmt":"2024-04-02T11:40:14","slug":"por-homicidio-calificado-condenan-a-47-anos-de-prision-a-dos-hermanos","status":"publish","type":"post","link":"https:\/\/elinformante.mx\/?p=50724","title":{"rendered":"Por homicidio calificado condenan a 47 a\u00f1os de prisi\u00f3n a dos hermanos"},"content":{"rendered":"\n<blockquote class=\"wp-block-quote is-layout-flow wp-block-quote-is-layout-flow\">\n<p>Los hechos se registraron en el municipio de Valle de Chalco, en donde ambos individuos agredieron a la v\u00edctima con armas de fuego.<\/p>\n<\/blockquote>\n\n\n\n<p>Los hermanos Carlos y Pedro Antonio de apellidos Villalvazo Cuadros fueron condenados a 47 a\u00f1os y 6 meses de prisi\u00f3n, luego de que la Fiscal\u00eda del Estado de M\u00e9xico (FGJEM) acredit\u00f3 su intervenci\u00f3n en el delito de homicidio calificado, perpetrado en contra de un hombre, en este municipio.<br><\/p>\n\n\n\n<p>Los dos acusados dispararon contra la v\u00edctima, cuando \u00e9sta se encontraba en el estacionamiento de su vivienda en la Unidad Habitacional Geovillas de La Asunci\u00f3n, en el municipio de Valle de Chalco, lo que habr\u00eda provocado su deceso.<br><\/p>\n\n\n\n<p>Por esos hechos, y una vez que esta Representaci\u00f3n Social tuvo conocimiento del caso, inici\u00f3 la investigaci\u00f3n correspondiente para identificar y aprehender a los responsables. El avance en la indagatoria permiti\u00f3 la captura de los hermanos Carlos y Pedro Antonio, mismos que fueron puestos a disposici\u00f3n de la Autoridad Judicial en el Centro Penitenciario y de Reinserci\u00f3n Social de Chalco.<br><\/p>\n\n\n\n<p>Con las pruebas recabadas, aportadas y expuestas por el Ministerio P\u00fablico, el \u00d3rgano Jurisdiccional les dict\u00f3 esta sentencia de 47 a\u00f1os 6 meses de prisi\u00f3n, adem\u00e1s les fij\u00f3 multa de 24 mil 427 pesos, la cantidad de 153 mil 519 pesos como reparaci\u00f3n del da\u00f1o, as\u00ed como la suspensi\u00f3n de sus derechos civiles y pol\u00edticos.<\/p>\n","protected":false},"excerpt":{"rendered":"<p>Los hechos se registraron en el municipio de Valle de Chalco, en donde ambos individuos agredieron a la v\u00edctima con armas de fuego. Los hermanos Carlos y Pedro Antonio de apellidos Villalvazo Cuadros fueron condenados a 47 a\u00f1os y 6 meses de prisi\u00f3n, luego de que la Fiscal\u00eda del Estado de M\u00e9xico (FGJEM) acredit\u00f3 su [&hellip;]<\/p>\n","protected":false},"author":1,"featured_media":50725,"comment_status":"closed","ping_status":"closed","sticky":false,"template":"","format":"standard","meta":{"footnotes":""},"categories":[36,37],"tags":[],"class_list":["post-50724","post","type-post","status-publish","format-standard","has-post-thumbnail","hentry","category-edomex","category-justicia"],"_links":{"self":[{"href":"https:\/\/elinformante.mx\/index.php?rest_route=\/wp\/v2\/posts\/50724","targetHints":{"allow":["GET"]}}],"collection":[{"href":"https:\/\/elinformante.mx\/index.php?rest_route=\/wp\/v2\/posts"}],"about":[{"href":"https:\/\/elinformante.mx\/index.php?rest_route=\/wp\/v2\/types\/post"}],"author":[{"embeddable":true,"href":"https:\/\/elinformante.mx\/index.php?rest_route=\/wp\/v2\/users\/1"}],"replies":[{"embeddable":true,"href":"https:\/\/elinformante.mx\/index.php?rest_route=%2Fwp%2Fv2%2Fcomments&post=50724"}],"version-history":[{"count":0,"href":"https:\/\/elinformante.mx\/index.php?rest_route=\/wp\/v2\/posts\/50724\/revisions"}],"wp:featuredmedia":[{"embeddable":true,"href":"https:\/\/elinformante.mx\/index.php?rest_route=\/wp\/v2\/media\/50725"}],"wp:attachment":[{"href":"https:\/\/elinformante.mx\/index.php?rest_route=%2Fwp%2Fv2%2Fmedia&parent=50724"}],"wp:term":[{"taxonomy":"category","embeddable":true,"href":"https:\/\/elinformante.mx\/index.php?rest_route=%2Fwp%2Fv2%2Fcategories&post=50724"},{"taxonomy":"post_tag","embeddable":true,"href":"https:\/\/elinformante.mx\/index.php?rest_route=%2Fwp%2Fv2%2Ftags&post=50724"}],"curies":[{"name":"wp","href":"https:\/\/api.w.org\/{rel}","templated":true}]}}