{"id":50733,"date":"2024-04-02T05:46:24","date_gmt":"2024-04-02T11:46:24","guid":{"rendered":"https:\/\/elinformante.mx\/?p=50733"},"modified":"2024-04-02T05:46:25","modified_gmt":"2024-04-02T11:46:25","slug":"se-refuerza-coordinacion-institucional-para-proteger-el-volcan-xinantecatl","status":"publish","type":"post","link":"https:\/\/elinformante.mx\/?p=50733","title":{"rendered":"Se refuerza coordinaci\u00f3n institucional para proteger el volc\u00e1n Xinant\u00e9catl"},"content":{"rendered":"\n<blockquote class=\"wp-block-quote is-layout-flow wp-block-quote-is-layout-flow\">\n<p>Las autoridades municipales dan a conocer que no habr\u00e1 acceso al volc\u00e1n para evitar m\u00e1s incendios.<\/p>\n<\/blockquote>\n\n\n\n<p>Con el prop\u00f3sito de proteger la zona boscosa del Volc\u00e1n Xinant\u00e9catl, se redoblan los trabajos de coordinaci\u00f3n entre las brigadas de los diferentes \u00f3rdenes de gobierno: Comisi\u00f3n Nacional Forestal (CONAFOR), Coordinaci\u00f3n Nacional de Protecci\u00f3n Civil, Comisi\u00f3n Nacional de \u00c1reas Naturales Protegidas (CONANP), el gobierno estatal y municipal<br><\/p>\n\n\n\n<p>Luego del anuncio oficial en d\u00edas pasados del cierre al acceso a la monta\u00f1a ante los m\u00faltiples incendios forestales y condiciones clim\u00e1ticas adversas que se han registrado, las autoridades buscan resguardar dicha \u00e1rea natural protegida, mediante la implementaci\u00f3n de brechas corta fuego en los cuatro puntos cardinales.<br><\/p>\n\n\n\n<figure class=\"wp-block-image size-large\"><img fetchpriority=\"high\" decoding=\"async\" width=\"1024\" height=\"503\" src=\"https:\/\/elinformante.mx\/wp-content\/uploads\/2024\/04\/12.2ZINA-1024x503.jpg\" alt=\"\" class=\"wp-image-50735\" srcset=\"https:\/\/elinformante.mx\/wp-content\/uploads\/2024\/04\/12.2ZINA-1024x503.jpg 1024w, https:\/\/elinformante.mx\/wp-content\/uploads\/2024\/04\/12.2ZINA-300x147.jpg 300w, https:\/\/elinformante.mx\/wp-content\/uploads\/2024\/04\/12.2ZINA-768x377.jpg 768w, https:\/\/elinformante.mx\/wp-content\/uploads\/2024\/04\/12.2ZINA-580x285.jpg 580w, https:\/\/elinformante.mx\/wp-content\/uploads\/2024\/04\/12.2ZINA-860x422.jpg 860w, https:\/\/elinformante.mx\/wp-content\/uploads\/2024\/04\/12.2ZINA.jpg 1140w\" sizes=\"(max-width: 1024px) 100vw, 1024px\" \/><\/figure>\n\n\n\n<p>Adicionalmente se intensific\u00f3 la campa\u00f1a de difusi\u00f3n sobre acciones preventivas para evitar incendios en esta zona, tales como no fumar, no realizar fogatas, no aventar l\u00edquidos inflamables, recolectar los residuos s\u00f3lidos pues esto puede servir como combustibles y foco de incendio.<br><\/p>\n\n\n\n<p>Cabe se\u00f1alar que con fundamento en el C\u00f3digo Penal Federal, ocasionar un incendio forestal dentro de un \u00e1rea natural protegida, amerita una sanci\u00f3n de 2 a 12 a\u00f1os de prisi\u00f3n y multas de entre 74,000 a 995,000 pesos ante cualquier denuncia sobre incendios provocados dentro del \u00e1rea de protecci\u00f3n forestal y fauna del<br><\/p>\n\n\n\n<p>Nevado de Toluca se pone a disposici\u00f3n los n\u00fameros 800 590 17 00 o 72 21 67 32 42.<\/p>\n","protected":false},"excerpt":{"rendered":"<p>Las autoridades municipales dan a conocer que no habr\u00e1 acceso al volc\u00e1n para evitar m\u00e1s incendios. Con el prop\u00f3sito de proteger la zona boscosa del Volc\u00e1n Xinant\u00e9catl, se redoblan los trabajos de coordinaci\u00f3n entre las brigadas de los diferentes \u00f3rdenes de gobierno: Comisi\u00f3n Nacional Forestal (CONAFOR), Coordinaci\u00f3n Nacional de Protecci\u00f3n Civil, Comisi\u00f3n Nacional de \u00c1reas [&hellip;]<\/p>\n","protected":false},"author":1,"featured_media":50734,"comment_status":"closed","ping_status":"closed","sticky":false,"template":"","format":"standard","meta":{"footnotes":""},"categories":[36],"tags":[],"class_list":["post-50733","post","type-post","status-publish","format-standard","has-post-thumbnail","hentry","category-edomex"],"_links":{"self":[{"href":"https:\/\/elinformante.mx\/index.php?rest_route=\/wp\/v2\/posts\/50733","targetHints":{"allow":["GET"]}}],"collection":[{"href":"https:\/\/elinformante.mx\/index.php?rest_route=\/wp\/v2\/posts"}],"about":[{"href":"https:\/\/elinformante.mx\/index.php?rest_route=\/wp\/v2\/types\/post"}],"author":[{"embeddable":true,"href":"https:\/\/elinformante.mx\/index.php?rest_route=\/wp\/v2\/users\/1"}],"replies":[{"embeddable":true,"href":"https:\/\/elinformante.mx\/index.php?rest_route=%2Fwp%2Fv2%2Fcomments&post=50733"}],"version-history":[{"count":0,"href":"https:\/\/elinformante.mx\/index.php?rest_route=\/wp\/v2\/posts\/50733\/revisions"}],"wp:featuredmedia":[{"embeddable":true,"href":"https:\/\/elinformante.mx\/index.php?rest_route=\/wp\/v2\/media\/50734"}],"wp:attachment":[{"href":"https:\/\/elinformante.mx\/index.php?rest_route=%2Fwp%2Fv2%2Fmedia&parent=50733"}],"wp:term":[{"taxonomy":"category","embeddable":true,"href":"https:\/\/elinformante.mx\/index.php?rest_route=%2Fwp%2Fv2%2Fcategories&post=50733"},{"taxonomy":"post_tag","embeddable":true,"href":"https:\/\/elinformante.mx\/index.php?rest_route=%2Fwp%2Fv2%2Ftags&post=50733"}],"curies":[{"name":"wp","href":"https:\/\/api.w.org\/{rel}","templated":true}]}}