{"id":50737,"date":"2024-04-02T05:50:44","date_gmt":"2024-04-02T11:50:44","guid":{"rendered":"https:\/\/elinformante.mx\/?p=50737"},"modified":"2024-04-02T05:50:46","modified_gmt":"2024-04-02T11:50:46","slug":"en-otumba-exigen-apoyar-para-parar-los-incendios-forestales","status":"publish","type":"post","link":"https:\/\/elinformante.mx\/?p=50737","title":{"rendered":"En Otumba exigen apoyar para parar los incendios forestales"},"content":{"rendered":"\n<blockquote class=\"wp-block-quote is-layout-flow wp-block-quote-is-layout-flow\">\n<p>Ante lo que llaman falta de apoyo, queman llantas y cart\u00f3n a la puerta de la Presidencia Municipal.<\/p>\n<\/blockquote>\n\n\n\n<p>Otumba se convirti\u00f3 en un polvor\u00edn, luego de que los habitantes se manifestaran en la Presidencia Municipal para exigir a las autoridades implementen acciones para combatir los incendios forestales que afectan la zona.<br><\/p>\n\n\n\n<p>Habitantes de las comunidades de Buenavista, San Marcos y Ahuatepec, se manifestaron en el edificio del Ayuntamiento para exponer su descontento frente a la nula respuesta de las autoridades locales ante incendios forestales que llevan activos seis d\u00edas.<br><\/p>\n\n\n\n<p>La protesta, que incluy\u00f3 la quema de llantas y cart\u00f3n en la entrada del palacio municipal, subraya una creciente preocupaci\u00f3n por la gesti\u00f3n ambiental y la seguridad de las comunidades afectadas.<br><\/p>\n\n\n\n<figure class=\"wp-block-image size-large\"><img fetchpriority=\"high\" decoding=\"async\" width=\"1024\" height=\"503\" src=\"https:\/\/elinformante.mx\/wp-content\/uploads\/2024\/04\/12.4OTUMBA-1024x503.jpg\" alt=\"\" class=\"wp-image-50739\" srcset=\"https:\/\/elinformante.mx\/wp-content\/uploads\/2024\/04\/12.4OTUMBA-1024x503.jpg 1024w, https:\/\/elinformante.mx\/wp-content\/uploads\/2024\/04\/12.4OTUMBA-300x147.jpg 300w, https:\/\/elinformante.mx\/wp-content\/uploads\/2024\/04\/12.4OTUMBA-768x377.jpg 768w, https:\/\/elinformante.mx\/wp-content\/uploads\/2024\/04\/12.4OTUMBA-580x285.jpg 580w, https:\/\/elinformante.mx\/wp-content\/uploads\/2024\/04\/12.4OTUMBA-860x422.jpg 860w, https:\/\/elinformante.mx\/wp-content\/uploads\/2024\/04\/12.4OTUMBA.jpg 1140w\" sizes=\"(max-width: 1024px) 100vw, 1024px\" \/><\/figure>\n\n\n\n<p>El conflicto se centra en la falta de apoyo para combatir un incendio en la parte alta de Xochihuac\u00e1n y el ejido de Buenavista.<br><\/p>\n\n\n\n<p>Al respecto, Patricio Vergara Rivas, Comisariado Ejidal de Buenavista, inform\u00f3 que el fuego ha consumido m\u00e1s de 100 hect\u00e1reas, afectando \u00e1reas arboladas, pastizales, as\u00ed como especies locales como magueyes y nopales.<br><\/p>\n\n\n\n<p>Hay que mencionar que el presidente municipal, Hilari\u00f3n Coronel Lemus, ha sido acusado de falta de acci\u00f3n efectiva y, de acuerdo con Vergara Rivas, la visita del presidente municipal el pasado jueves fue percibida como insuficiente, acus\u00e1ndolo de priorizar la imagen p\u00fablica sobre la acci\u00f3n concreta. Las cr\u00edticas se enfocan en la falta de presencia en zonas cr\u00edticas y la difusi\u00f3n de informaci\u00f3n presuntamente inexacta sobre el control del incendio.<br><\/p>\n\n\n\n<figure class=\"wp-block-image size-large\"><img decoding=\"async\" width=\"1024\" height=\"503\" src=\"https:\/\/elinformante.mx\/wp-content\/uploads\/2024\/04\/12.3OTUMBA-1024x503.jpg\" alt=\"\" class=\"wp-image-50740\" srcset=\"https:\/\/elinformante.mx\/wp-content\/uploads\/2024\/04\/12.3OTUMBA-1024x503.jpg 1024w, https:\/\/elinformante.mx\/wp-content\/uploads\/2024\/04\/12.3OTUMBA-300x147.jpg 300w, https:\/\/elinformante.mx\/wp-content\/uploads\/2024\/04\/12.3OTUMBA-768x377.jpg 768w, https:\/\/elinformante.mx\/wp-content\/uploads\/2024\/04\/12.3OTUMBA-580x285.jpg 580w, https:\/\/elinformante.mx\/wp-content\/uploads\/2024\/04\/12.3OTUMBA-860x422.jpg 860w, https:\/\/elinformante.mx\/wp-content\/uploads\/2024\/04\/12.3OTUMBA.jpg 1140w\" sizes=\"(max-width: 1024px) 100vw, 1024px\" \/><\/figure>\n\n\n\n<p>Ante la percepci\u00f3n de abandono por parte del gobierno local, los vecinos se manifestaron en la alcald\u00eda el lunes, prendiendo fuego a llantas y cart\u00f3n en la entrada, como un acto simb\u00f3lico para que las autoridades experimentaran el olor a humo que ellos han soportado. Durante la protesta, hubo enfrentamientos menores con la polic\u00eda municipal.<br><\/p>\n\n\n\n<p>Los vecinos indicaron que, tras las manifestaciones y la visibilidad del descontento comunitario, diversas direcciones del ayuntamiento ofrecieron su colaboraci\u00f3n. Sin embargo, no se detalla hasta qu\u00e9 punto estas ofertas de ayuda se han concretado en acciones efectivas.<br><\/p>\n\n\n\n<p>Este incidente refleja problemas m\u00e1s amplios relacionados con la gesti\u00f3n de crisis ambientales y la respuesta de las autoridades locales. La frustraci\u00f3n de la comunidad parece surgir de una combinaci\u00f3n de falta de recursos, planificaci\u00f3n inadecuada y una comunicaci\u00f3n deficiente entre el gobierno y los ciudadanos afectados.<\/p>\n\n\n\n<figure class=\"wp-block-image size-large\"><img decoding=\"async\" width=\"1024\" height=\"503\" src=\"https:\/\/elinformante.mx\/wp-content\/uploads\/2024\/04\/12.2OTUMBA-1024x503.jpg\" alt=\"\" class=\"wp-image-50741\" srcset=\"https:\/\/elinformante.mx\/wp-content\/uploads\/2024\/04\/12.2OTUMBA-1024x503.jpg 1024w, https:\/\/elinformante.mx\/wp-content\/uploads\/2024\/04\/12.2OTUMBA-300x147.jpg 300w, https:\/\/elinformante.mx\/wp-content\/uploads\/2024\/04\/12.2OTUMBA-768x377.jpg 768w, https:\/\/elinformante.mx\/wp-content\/uploads\/2024\/04\/12.2OTUMBA-580x285.jpg 580w, https:\/\/elinformante.mx\/wp-content\/uploads\/2024\/04\/12.2OTUMBA-860x422.jpg 860w, https:\/\/elinformante.mx\/wp-content\/uploads\/2024\/04\/12.2OTUMBA.jpg 1140w\" sizes=\"(max-width: 1024px) 100vw, 1024px\" \/><\/figure>\n","protected":false},"excerpt":{"rendered":"<p>Ante lo que llaman falta de apoyo, queman llantas y cart\u00f3n a la puerta de la Presidencia Municipal. Otumba se convirti\u00f3 en un polvor\u00edn, luego de que los habitantes se manifestaran en la Presidencia Municipal para exigir a las autoridades implementen acciones para combatir los incendios forestales que afectan la zona. Habitantes de las comunidades [&hellip;]<\/p>\n","protected":false},"author":1,"featured_media":50738,"comment_status":"closed","ping_status":"closed","sticky":false,"template":"","format":"standard","meta":{"footnotes":""},"categories":[30,36],"tags":[],"class_list":["post-50737","post","type-post","status-publish","format-standard","has-post-thumbnail","hentry","category-destacado","category-edomex"],"_links":{"self":[{"href":"https:\/\/elinformante.mx\/index.php?rest_route=\/wp\/v2\/posts\/50737","targetHints":{"allow":["GET"]}}],"collection":[{"href":"https:\/\/elinformante.mx\/index.php?rest_route=\/wp\/v2\/posts"}],"about":[{"href":"https:\/\/elinformante.mx\/index.php?rest_route=\/wp\/v2\/types\/post"}],"author":[{"embeddable":true,"href":"https:\/\/elinformante.mx\/index.php?rest_route=\/wp\/v2\/users\/1"}],"replies":[{"embeddable":true,"href":"https:\/\/elinformante.mx\/index.php?rest_route=%2Fwp%2Fv2%2Fcomments&post=50737"}],"version-history":[{"count":0,"href":"https:\/\/elinformante.mx\/index.php?rest_route=\/wp\/v2\/posts\/50737\/revisions"}],"wp:featuredmedia":[{"embeddable":true,"href":"https:\/\/elinformante.mx\/index.php?rest_route=\/wp\/v2\/media\/50738"}],"wp:attachment":[{"href":"https:\/\/elinformante.mx\/index.php?rest_route=%2Fwp%2Fv2%2Fmedia&parent=50737"}],"wp:term":[{"taxonomy":"category","embeddable":true,"href":"https:\/\/elinformante.mx\/index.php?rest_route=%2Fwp%2Fv2%2Fcategories&post=50737"},{"taxonomy":"post_tag","embeddable":true,"href":"https:\/\/elinformante.mx\/index.php?rest_route=%2Fwp%2Fv2%2Ftags&post=50737"}],"curies":[{"name":"wp","href":"https:\/\/api.w.org\/{rel}","templated":true}]}}