{"id":50746,"date":"2024-04-02T05:58:41","date_gmt":"2024-04-02T11:58:41","guid":{"rendered":"https:\/\/elinformante.mx\/?p=50746"},"modified":"2024-04-02T05:58:42","modified_gmt":"2024-04-02T11:58:42","slug":"uaemex-premia-el-talento-de-docentes-que-innovan-en-la-educacion","status":"publish","type":"post","link":"https:\/\/elinformante.mx\/?p=50746","title":{"rendered":"UAEM\u00e9x premia el talento de docentes que innovan en la educaci\u00f3n"},"content":{"rendered":"\n<blockquote class=\"wp-block-quote is-layout-flow wp-block-quote-is-layout-flow\">\n<p>La UAEM\u00e9x reconoce el compromiso y la creatividad de estos profesores, quienes son un ejemplo de la excelencia acad\u00e9mica que caracteriza a la instituci\u00f3n.<\/p>\n<\/blockquote>\n\n\n\n<p>La Universidad Aut\u00f3noma del Estado de M\u00e9xico (UAEM\u00e9x) reconoce la labor de cinco docentes que, a trav\u00e9s de su creatividad e iniciativa, han impulsado la innovaci\u00f3n en la ense\u00f1anza y el desarrollo de la educaci\u00f3n.<\/p>\n\n\n\n<p>Los galardonados con el Est\u00edmulo por Trabajos Acad\u00e9micos Destacados Cl\u00e1usula 90, otorgado por la Federaci\u00f3n de Asociaciones Aut\u00f3nomas de Personal Acad\u00e9mico de la instituci\u00f3n (FAAPAUAEM), son:<\/p>\n\n\n\n<p>Edgar Costilla Reyes y Mar\u00eda Catalina Guti\u00e9rrez Leefmans (Facultad de Contadur\u00eda y Administraci\u00f3n)<\/p>\n\n\n\n<p>Marcela Virginia Santana Ju\u00e1rez y Roberto Franco Plata (Facultad de Geograf\u00eda)<\/p>\n\n\n\n<p>&nbsp;Jos\u00e9 Gonzalo Pozas C\u00e1rdenas (Facultad de Ciencias Agr\u00edcolas)<\/p>\n\n\n\n<p>Revista RECAI: fortaleciendo la investigaci\u00f3n<\/p>\n\n\n\n<p>El proyecto de Edgar Costilla Reyes ha consolidado la revista RECAI como una publicaci\u00f3n cient\u00edfica de alto nivel. A trav\u00e9s de estrategias innovadoras, ha logrado aumentar la participaci\u00f3n de investigadores reconocidos como revisores, fortaleciendo la calidad editorial y la difusi\u00f3n del conocimiento.<\/p>\n\n\n\n<p>Omnicanalidad en el aula: aprendizaje sin fronteras<\/p>\n\n\n\n<figure class=\"wp-block-image size-large\"><img fetchpriority=\"high\" decoding=\"async\" width=\"1024\" height=\"503\" src=\"https:\/\/elinformante.mx\/wp-content\/uploads\/2024\/04\/10-UAEM-2-1024x503.jpg\" alt=\"\" class=\"wp-image-50748\" srcset=\"https:\/\/elinformante.mx\/wp-content\/uploads\/2024\/04\/10-UAEM-2-1024x503.jpg 1024w, https:\/\/elinformante.mx\/wp-content\/uploads\/2024\/04\/10-UAEM-2-300x147.jpg 300w, https:\/\/elinformante.mx\/wp-content\/uploads\/2024\/04\/10-UAEM-2-768x377.jpg 768w, https:\/\/elinformante.mx\/wp-content\/uploads\/2024\/04\/10-UAEM-2-580x285.jpg 580w, https:\/\/elinformante.mx\/wp-content\/uploads\/2024\/04\/10-UAEM-2-860x422.jpg 860w, https:\/\/elinformante.mx\/wp-content\/uploads\/2024\/04\/10-UAEM-2.jpg 1140w\" sizes=\"(max-width: 1024px) 100vw, 1024px\" \/><\/figure>\n\n\n\n<p>Mar\u00eda Catalina Guti\u00e9rrez Leefmans ha implementado la omnicanalidad en sus clases, integrando plataformas digitales como Notion, Twitter y WordPress a las actividades presenciales. Esta estrategia permite al alumnado acceder a los contenidos de forma flexible y personalizada, enriqueciendo la experiencia de aprendizaje.<\/p>\n\n\n\n<p>XXIII Simposio Mexicano-Polaco: un espacio para la acci\u00f3n ambiental<\/p>\n\n\n\n<p>Marcela Virginia Santana Ju\u00e1rez organiz\u00f3 el XXIII Simposio Mexicano-Polaco, un evento que reuni\u00f3 a expertos internacionales para discutir sobre la ordenaci\u00f3n y planeaci\u00f3n territorial sustentables. El simposio se llev\u00f3 a cabo de forma h\u00edbrida, permitiendo una mayor participaci\u00f3n y accesibilidad para estudiantes e investigadores.<\/p>\n\n\n\n<p>Seguimiento de trayectoria acad\u00e9mica: una herramienta para el \u00e9xito<\/p>\n\n\n\n<p>Roberto Franco Plata ha desarrollado un sistema automatizado para el seguimiento de la trayectoria acad\u00e9mica de los estudiantes de la Licenciatura en Geoinform\u00e1tica.<\/p>\n\n\n\n<p>Esta herramienta permite al alumnado y al tutor visualizar el avance curricular y tomar decisiones informadas para alcanzar sus metas acad\u00e9micas.<\/p>\n\n\n\n<p>Recuperaci\u00f3n de un agrosistema degradado: un aula viva<br><\/p>\n\n\n\n<p>Jos\u00e9 Gonzalo Pozas C\u00e1rdenas ha liderado la recuperaci\u00f3n de un espacio dentro de la Facultad de Ciencias Agr\u00edcolas, transform\u00e1ndolo en un aula viva para el aprendizaje pr\u00e1ctico. A trav\u00e9s de la implementaci\u00f3n de sistemas de rotaci\u00f3n de cultivos y la colaboraci\u00f3n con el estudiantado, este proyecto ha logrado restaurar la fertilidad del suelo y promover la biodiversidad.<\/p>\n\n\n\n<p>La UAEM\u00e9x reconoce el compromiso y la creatividad de estos profesores, quienes son un ejemplo de la excelencia acad\u00e9mica que caracteriza a la instituci\u00f3n.<\/p>\n","protected":false},"excerpt":{"rendered":"<p>La UAEM\u00e9x reconoce el compromiso y la creatividad de estos profesores, quienes son un ejemplo de la excelencia acad\u00e9mica que caracteriza a la instituci\u00f3n. La Universidad Aut\u00f3noma del Estado de M\u00e9xico (UAEM\u00e9x) reconoce la labor de cinco docentes que, a trav\u00e9s de su creatividad e iniciativa, han impulsado la innovaci\u00f3n en la ense\u00f1anza y el [&hellip;]<\/p>\n","protected":false},"author":1,"featured_media":50747,"comment_status":"closed","ping_status":"closed","sticky":false,"template":"","format":"standard","meta":{"footnotes":""},"categories":[30,36],"tags":[],"class_list":["post-50746","post","type-post","status-publish","format-standard","has-post-thumbnail","hentry","category-destacado","category-edomex"],"_links":{"self":[{"href":"https:\/\/elinformante.mx\/index.php?rest_route=\/wp\/v2\/posts\/50746","targetHints":{"allow":["GET"]}}],"collection":[{"href":"https:\/\/elinformante.mx\/index.php?rest_route=\/wp\/v2\/posts"}],"about":[{"href":"https:\/\/elinformante.mx\/index.php?rest_route=\/wp\/v2\/types\/post"}],"author":[{"embeddable":true,"href":"https:\/\/elinformante.mx\/index.php?rest_route=\/wp\/v2\/users\/1"}],"replies":[{"embeddable":true,"href":"https:\/\/elinformante.mx\/index.php?rest_route=%2Fwp%2Fv2%2Fcomments&post=50746"}],"version-history":[{"count":0,"href":"https:\/\/elinformante.mx\/index.php?rest_route=\/wp\/v2\/posts\/50746\/revisions"}],"wp:featuredmedia":[{"embeddable":true,"href":"https:\/\/elinformante.mx\/index.php?rest_route=\/wp\/v2\/media\/50747"}],"wp:attachment":[{"href":"https:\/\/elinformante.mx\/index.php?rest_route=%2Fwp%2Fv2%2Fmedia&parent=50746"}],"wp:term":[{"taxonomy":"category","embeddable":true,"href":"https:\/\/elinformante.mx\/index.php?rest_route=%2Fwp%2Fv2%2Fcategories&post=50746"},{"taxonomy":"post_tag","embeddable":true,"href":"https:\/\/elinformante.mx\/index.php?rest_route=%2Fwp%2Fv2%2Ftags&post=50746"}],"curies":[{"name":"wp","href":"https:\/\/api.w.org\/{rel}","templated":true}]}}