{"id":50759,"date":"2024-04-02T06:14:11","date_gmt":"2024-04-02T12:14:11","guid":{"rendered":"https:\/\/elinformante.mx\/?p=50759"},"modified":"2024-04-02T06:14:12","modified_gmt":"2024-04-02T12:14:12","slug":"artesanos-indigenas-senalan-al-gcdmx-por-retraso-en-la-fiesta-de-las-lenguas-indigenas","status":"publish","type":"post","link":"https:\/\/elinformante.mx\/?p=50759","title":{"rendered":"Artesanos ind\u00edgenas se\u00f1alan al GCDMX por retraso en la Fiesta de las Lenguas Ind\u00edgenas"},"content":{"rendered":"\n<blockquote class=\"wp-block-quote is-layout-flow wp-block-quote-is-layout-flow\">\n<p>Aseguran que las autoridades capitalinas incumplieron con varios de los acuerdos que se hab\u00edan alcanzado.<\/p>\n<\/blockquote>\n\n\n\n<p>La Fiesta de las Lenguas Ind\u00edgenas acusa retraso en su inicio, a causa de la Subsecretar\u00eda de Programas de Alcald\u00edas y Reordenamiento de la V\u00eda P\u00fablica, denunciaron colectivos ind\u00edgenas.<br><\/p>\n\n\n\n<p>Mediante carta, los artesanos describieron las razones de la demora: \u201cEs el tercer d\u00eda y las actividades relacionadas el evento no han iniciado debido a la mala planeaci\u00f3n y operaci\u00f3n de la Fiesta de las Lenguas Maternas\u201d, se lee.<br><\/p>\n\n\n\n<p>\u201cSe acord\u00f3 con la Subsecretaria de Reordenamiento que el evento de la Fiesta de las Lenguas Maternas iba a dar inicio el 30 de marzo y terminar el 14 de abril\u201d.<br><\/p>\n\n\n\n<p>\u201cDicho acuerdo es roto por la Subsecretaria al no haber una planeaci\u00f3n ni organizaci\u00f3n, por tal motivo sigue el retraso. Dice el dicho, lo que mal empieza mal acaba\u201d<br><\/p>\n\n\n\n<p>A\u00f1adieron que la simulaci\u00f3n empez\u00f3 con las supuestas asambleas para hacer creer a las organizaciones ind\u00edgenas y a la Comisi\u00f3n de Derechos Humanos de la Ciudad de M\u00e9xico que se iban a respetar los acuerdos, acuerdos que se firmaron en una minuta.<br><\/p>\n\n\n\n<p>Adem\u00e1s, alegan que al revisar los acuerdos, se dieron cuenta que todos los acuerdos alcanzados no fueron respetados por la directora general Daniela Tar\u00edn.<br><\/p>\n\n\n\n<figure class=\"wp-block-image size-large\"><img fetchpriority=\"high\" decoding=\"async\" width=\"1024\" height=\"503\" src=\"https:\/\/elinformante.mx\/wp-content\/uploads\/2024\/04\/6INDIGENAS-1024x503.jpg\" alt=\"\" class=\"wp-image-50761\" srcset=\"https:\/\/elinformante.mx\/wp-content\/uploads\/2024\/04\/6INDIGENAS-1024x503.jpg 1024w, https:\/\/elinformante.mx\/wp-content\/uploads\/2024\/04\/6INDIGENAS-300x147.jpg 300w, https:\/\/elinformante.mx\/wp-content\/uploads\/2024\/04\/6INDIGENAS-768x377.jpg 768w, https:\/\/elinformante.mx\/wp-content\/uploads\/2024\/04\/6INDIGENAS-580x285.jpg 580w, https:\/\/elinformante.mx\/wp-content\/uploads\/2024\/04\/6INDIGENAS-860x422.jpg 860w, https:\/\/elinformante.mx\/wp-content\/uploads\/2024\/04\/6INDIGENAS.jpg 1140w\" sizes=\"(max-width: 1024px) 100vw, 1024px\" \/><\/figure>\n\n\n\n<p>\u201cUno de los acuerdos m\u00e1s importantes fue el de dar baja a las personas que estaban duplicadas en varios listados y se respetar\u00eda a las organizaciones que entregaron en tiempo y firma sus listados, no se respet\u00f3\u201d, agregan.<br><\/p>\n\n\n\n<p>Y reclaman que las asignaciones de los espacios en la plancha del z\u00f3calo no se respetaron, se toleraron a los invasores, no hubo operativo para atender el ingreso y el cuidado de los espacios, se vieron ri\u00f1as y gritos entre los artesanos por los lugares, la directora general aval\u00f3 y autoriz\u00f3 anomal\u00edas e invasiones de espacios, esto ante la incapacidad de poder llevar a cabo una buena planeaci\u00f3n.<br><\/p>\n\n\n\n<p>\u201cNo se vio la coordinaci\u00f3n interinstitucional de con la SEPI, se not\u00f3 la total de ausencia de la Secretar\u00eda de Cultura, no hay carteles de evento, ni mucho menos la difusi\u00f3n, el dise\u00f1o de los gafetes son muy malos, sin identidad gr\u00e1fica, en resumen, se nota la falta de inter\u00e9s por parte de las instituciones involucradas\u201d.<br><\/p>\n\n\n\n<p>Los ind\u00edgenas aseguraron que en las asambleas convocadas por programas las Organizaciones Ind\u00edgenas se ofrecieron formar comisiones para auxiliar a los organizadores y nadie los escuch\u00f3, sumado a que los artesanos y artesanas estuvieron expuestos al sol el viernes y s\u00e1bado con sus mercanc\u00edas.<br><\/p>\n\n\n\n<p>\u201cNo hay cartel, no hay difusi\u00f3n y mucho menos hubo conferencia de prensa para anunciar el evento \u00bfy la Secretar\u00eda de Cultura d\u00f3nde estuvo? \u00bfYa dej\u00f3 de importarles el tema ind\u00edgena? \u00bfO ser\u00e1 que ya no necesitan a las comunidades para sus campa\u00f1as?\u201d.<br><\/p>\n\n\n\n<p>\u201cHabr\u00e1 que recordarle a las autoridades del gobierno de la Ciudad de M\u00e9xico que estos eventos se han ganado por a\u00f1os de lucha no es concesi\u00f3n o d\u00e1diva\u201d.<br><\/p>\n\n\n\n<p>\u201cEs importante que estas actividades sean organizadas por instituciones que tengan la capacidad de resolver los temas y cumplir con los acuerdos alcanzados y se gastar\u00e1n 39 millones o m\u00e1s.\u201d, concluyen.<\/p>\n","protected":false},"excerpt":{"rendered":"<p>Aseguran que las autoridades capitalinas incumplieron con varios de los acuerdos que se hab\u00edan alcanzado. La Fiesta de las Lenguas Ind\u00edgenas acusa retraso en su inicio, a causa de la Subsecretar\u00eda de Programas de Alcald\u00edas y Reordenamiento de la V\u00eda P\u00fablica, denunciaron colectivos ind\u00edgenas. Mediante carta, los artesanos describieron las razones de la demora: \u201cEs [&hellip;]<\/p>\n","protected":false},"author":1,"featured_media":50760,"comment_status":"closed","ping_status":"closed","sticky":false,"template":"","format":"standard","meta":{"footnotes":""},"categories":[35],"tags":[],"class_list":["post-50759","post","type-post","status-publish","format-standard","has-post-thumbnail","hentry","category-cdmx"],"_links":{"self":[{"href":"https:\/\/elinformante.mx\/index.php?rest_route=\/wp\/v2\/posts\/50759","targetHints":{"allow":["GET"]}}],"collection":[{"href":"https:\/\/elinformante.mx\/index.php?rest_route=\/wp\/v2\/posts"}],"about":[{"href":"https:\/\/elinformante.mx\/index.php?rest_route=\/wp\/v2\/types\/post"}],"author":[{"embeddable":true,"href":"https:\/\/elinformante.mx\/index.php?rest_route=\/wp\/v2\/users\/1"}],"replies":[{"embeddable":true,"href":"https:\/\/elinformante.mx\/index.php?rest_route=%2Fwp%2Fv2%2Fcomments&post=50759"}],"version-history":[{"count":0,"href":"https:\/\/elinformante.mx\/index.php?rest_route=\/wp\/v2\/posts\/50759\/revisions"}],"wp:featuredmedia":[{"embeddable":true,"href":"https:\/\/elinformante.mx\/index.php?rest_route=\/wp\/v2\/media\/50760"}],"wp:attachment":[{"href":"https:\/\/elinformante.mx\/index.php?rest_route=%2Fwp%2Fv2%2Fmedia&parent=50759"}],"wp:term":[{"taxonomy":"category","embeddable":true,"href":"https:\/\/elinformante.mx\/index.php?rest_route=%2Fwp%2Fv2%2Fcategories&post=50759"},{"taxonomy":"post_tag","embeddable":true,"href":"https:\/\/elinformante.mx\/index.php?rest_route=%2Fwp%2Fv2%2Ftags&post=50759"}],"curies":[{"name":"wp","href":"https:\/\/api.w.org\/{rel}","templated":true}]}}