{"id":50771,"date":"2024-04-02T06:20:31","date_gmt":"2024-04-02T12:20:31","guid":{"rendered":"https:\/\/elinformante.mx\/?p=50771"},"modified":"2024-04-02T06:24:18","modified_gmt":"2024-04-02T12:24:18","slug":"marti-batres-asegura-que-seguira-ejerciendo-su-derecho-de-replica","status":"publish","type":"post","link":"https:\/\/elinformante.mx\/?p=50771","title":{"rendered":"Mart\u00ed Batres asegura que seguir\u00e1 ejerciendo \u201csu derecho de r\u00e9plica\u201d"},"content":{"rendered":"\n<blockquote class=\"wp-block-quote is-layout-flow wp-block-quote-is-layout-flow\">\n<p>El jefe de Gobierno de la Ciudad de M\u00e9xico se muestra reacio a que las autoridades electorales le \u201cmarquen la raya\u201d.<\/p>\n<\/blockquote>\n\n\n\n<p>El jefe de Gobierno de la Ciudad de M\u00e9xico, Mart\u00ed Batres Guadarrama, al estilo del presidente Andr\u00e9s Manuel L\u00f3pez Obrador, se\u00f1ala que seguir\u00e1 ejerciendo su derecho de r\u00e9plica, pues asegura que no ha violentado la ley y est\u00e1 obligado moral y jur\u00eddicamente a aclarar puntualmente cualquier tipo de falsedad en contra de la administraci\u00f3n local.<br><\/p>\n\n\n\n<p>Fue en conferencia de prensa, despu\u00e9s de presentar los avances sobre la alerta de g\u00e9nero, donde el mandatario capitalino asegur\u00f3 que hasta ahora no ha sido notificado por la autoridad electoral de la imposici\u00f3n de alguna medida cautelar, luego de ser acusado por la oposici\u00f3n de interferir en la contienda pol\u00edtica.<br><\/p>\n\n\n\n<p>Batres Guadarrama asegur\u00f3 que ha cumplido con lo que marca la ley, pues no se ha referido, ni lo har\u00e1, sobre ning\u00fan candidato como tampoco ha hecho ning\u00fan llamado a votar, ni ha opinado sobre los partidos y sus aspirantes.<br><\/p>\n\n\n\n<p>A\u00fan m\u00e1s, record\u00f3 que emiti\u00f3 el dec\u00e1logo de obligaciones de los servidores p\u00fablicos y se retir\u00f3 la campa\u00f1a sobre los logros de la actual administraci\u00f3n una vez iniciada la veda electoral.<br><\/p>\n\n\n\n<p>Coment\u00f3 que no le interesa meterse en el debate con ning\u00fan candidato, pero, as\u00ed como ha cumplido con sus obligaciones ejercer\u00e1 su derecho de r\u00e9plica cuando se digan mentiras sobre el gobierno capitalino. \u201cSi no quieren aclaraciones de nuestra parte que no digan mentiras\u201d, puntualiz\u00f3.<\/p>\n","protected":false},"excerpt":{"rendered":"<p>El jefe de Gobierno de la Ciudad de M\u00e9xico se muestra reacio a que las autoridades electorales le \u201cmarquen la raya\u201d. El jefe de Gobierno de la Ciudad de M\u00e9xico, Mart\u00ed Batres Guadarrama, al estilo del presidente Andr\u00e9s Manuel L\u00f3pez Obrador, se\u00f1ala que seguir\u00e1 ejerciendo su derecho de r\u00e9plica, pues asegura que no ha violentado [&hellip;]<\/p>\n","protected":false},"author":1,"featured_media":50772,"comment_status":"closed","ping_status":"closed","sticky":false,"template":"","format":"standard","meta":{"footnotes":""},"categories":[35,30],"tags":[],"class_list":["post-50771","post","type-post","status-publish","format-standard","has-post-thumbnail","hentry","category-cdmx","category-destacado"],"_links":{"self":[{"href":"https:\/\/elinformante.mx\/index.php?rest_route=\/wp\/v2\/posts\/50771","targetHints":{"allow":["GET"]}}],"collection":[{"href":"https:\/\/elinformante.mx\/index.php?rest_route=\/wp\/v2\/posts"}],"about":[{"href":"https:\/\/elinformante.mx\/index.php?rest_route=\/wp\/v2\/types\/post"}],"author":[{"embeddable":true,"href":"https:\/\/elinformante.mx\/index.php?rest_route=\/wp\/v2\/users\/1"}],"replies":[{"embeddable":true,"href":"https:\/\/elinformante.mx\/index.php?rest_route=%2Fwp%2Fv2%2Fcomments&post=50771"}],"version-history":[{"count":0,"href":"https:\/\/elinformante.mx\/index.php?rest_route=\/wp\/v2\/posts\/50771\/revisions"}],"wp:featuredmedia":[{"embeddable":true,"href":"https:\/\/elinformante.mx\/index.php?rest_route=\/wp\/v2\/media\/50772"}],"wp:attachment":[{"href":"https:\/\/elinformante.mx\/index.php?rest_route=%2Fwp%2Fv2%2Fmedia&parent=50771"}],"wp:term":[{"taxonomy":"category","embeddable":true,"href":"https:\/\/elinformante.mx\/index.php?rest_route=%2Fwp%2Fv2%2Fcategories&post=50771"},{"taxonomy":"post_tag","embeddable":true,"href":"https:\/\/elinformante.mx\/index.php?rest_route=%2Fwp%2Fv2%2Ftags&post=50771"}],"curies":[{"name":"wp","href":"https:\/\/api.w.org\/{rel}","templated":true}]}}