{"id":50774,"date":"2024-04-02T06:23:24","date_gmt":"2024-04-02T12:23:24","guid":{"rendered":"https:\/\/elinformante.mx\/?p=50774"},"modified":"2024-04-02T06:23:25","modified_gmt":"2024-04-02T12:23:25","slug":"de-nuevo-amlo-hace-alusion-a-candidata-de-morena-y-la-defiende-con-encuesta","status":"publish","type":"post","link":"https:\/\/elinformante.mx\/?p=50774","title":{"rendered":"De nuevo AMLO hace alusi\u00f3n a candidata de Morena y la defiende con encuesta"},"content":{"rendered":"\n<blockquote class=\"wp-block-quote is-layout-flow wp-block-quote-is-layout-flow\">\n<p>Sin importar que el Instituto Nacional Electoral (INE) lo haya sancionado en incontables ocasiones, el Presidente utiliza la \u201cma\u00f1anera\u201d para entrometerse en las elecciones.<\/p>\n<\/blockquote>\n\n\n\n<p>Tratando de usar un subterfugio, el presidente de M\u00e9xico, Andr\u00e9s Manuel L\u00f3pez Obrador, de nueva cuenta se involucr\u00f3 en temas electorales y, de paso, desafi\u00f3 al Instituto Nacional Electoral (INE).<br><\/p>\n\n\n\n<p>\u201cNo le hace (\u2026) no tiene nada qu\u00e9 ver con la parte electoral, si puede haber menciones a eso pero lo que yo quiero es transmitir qu\u00e9 est\u00e1 pensando la gente de la calle, qu\u00e9 est\u00e1 Andr\u00e9s Manuel L\u00f3pez Obrador a la ex jefa de Gobierno, Claudia Sheinbaum Pardo, con un clip que circula en redes sociales.<br><\/p>\n\n\n\n<p>L\u00f3pez Obrador pidi\u00f3 en la \u201cma\u00f1anera\u201d que se presentara un video de una encuesta realizada en los pasillos del Metro, en la que se le pregunta a los participantes sobre la labor de los \u00faltimos mandatarios capitalinos, incluido la actual candidata presidencial de Morena:\u00a0\u00a0\u201cClaudia Sheinbaum dijo que hab\u00eda hecho una inversi\u00f3n millonaria en el Metro \u00bfustedes est\u00e1n de acuerdo con esto? \u00bfEl Metro est\u00e1 mejor que antes?\u201d se escucha en la grabaci\u00f3n.<br><\/p>\n\n\n\n<p>Ante esto, el titular del Ejecutivo dijo que piensa como la mayor\u00eda de las personas encuestadas y se dijo feliz por pensar as\u00ed.<br><\/p>\n\n\n\n<p>Por otro lado, ironiz\u00f3 sobre las posibles sanciones que le pueda imponer el Instituto Nacional Electoral (INE) tras la proyecci\u00f3n del video y aprovech\u00f3 para quejarse -por en\u00e9sima vez- que se le orden\u00f3 bajar otra Ma\u00f1anera.<br><\/p>\n\n\n\n<p>En menos de un mes se la ha mandato a L\u00f3pez Obrador bajar casi una decena pero no desaprovech\u00f3 la oportunidad de este 1 de abril de burlarse del exconsejero presidente del Instituto, Lorenzo C\u00f3rdova, a quien \u201cno le gusta\u201d como habla el mandatario.<br><\/p>\n\n\n\n<p>Esto, en relaci\u00f3n a una columna que escribi\u00f3 C\u00f3rdova Vianello el pasado fin de semana en la que menciona:<br><\/p>\n\n\n\n<p>\u201cLo peor es que, gracias al potente control de la narrativa p\u00fablica que ha logrado L\u00f3pez Obrador, ha conseguido que la \u2018nueva lengua\u2019 (vulgar, reducida y simplificada) que nos ha impuesto, no s\u00f3lo sea utilizada y repetida por sus ac\u00f3litos, seguidores y propagand\u00edsticas m\u00e1s fan\u00e1ticos sino tambi\u00e9n en general por la prensa (\u2026) Yo me he rehusado a hablar como otros quieren que hablemos\u201d.<br><\/p>\n\n\n\n<p>Desde que inici\u00f3 la campa\u00f1a presidencial, han sido pocas las ocasiones en que L\u00f3pez Obrador deja pasar la oportunidad para pronunciarse a favor de la candidata morenista, y criticar a la oposici\u00f3n.<br><\/p>\n\n\n\n<p>Lo anterior, ya sea con alusiones veladas a cada uno de los 3 participantes, o abiertamente como lo fue el 7 de marzo, cuando desde Tamaulipas mencion\u00f3 que hay una presunta \u201cguerra sucia\u201d en redes, en su contra y de Sheinbaum Pardo.<br><\/p>\n\n\n\n<p>O, las participaciones del 2 de marzo y el 21 de febrero, cuando la titular de la secci\u00f3n Qui\u00e9n es Qui\u00e9n en las mentiras, Elizabeth Vilchis present\u00f3 un estudio sobre la mencionada campa\u00f1a, y dijo que:<br><\/p>\n\n\n\n<p>\u201cExhibi\u00f3 el uso de granjas de bots para orquestar y alimentar la guerra sucia contra el presidente y la candidata presidencial, Claudia Sheinbaum\u201d.<\/p>\n\n\n\n<p><\/p>\n","protected":false},"excerpt":{"rendered":"<p>Sin importar que el Instituto Nacional Electoral (INE) lo haya sancionado en incontables ocasiones, el Presidente utiliza la \u201cma\u00f1anera\u201d para entrometerse en las elecciones. Tratando de usar un subterfugio, el presidente de M\u00e9xico, Andr\u00e9s Manuel L\u00f3pez Obrador, de nueva cuenta se involucr\u00f3 en temas electorales y, de paso, desafi\u00f3 al Instituto Nacional Electoral (INE). \u201cNo [&hellip;]<\/p>\n","protected":false},"author":1,"featured_media":50775,"comment_status":"closed","ping_status":"closed","sticky":false,"template":"","format":"standard","meta":{"footnotes":""},"categories":[34],"tags":[],"class_list":["post-50774","post","type-post","status-publish","format-standard","has-post-thumbnail","hentry","category-nacional"],"_links":{"self":[{"href":"https:\/\/elinformante.mx\/index.php?rest_route=\/wp\/v2\/posts\/50774","targetHints":{"allow":["GET"]}}],"collection":[{"href":"https:\/\/elinformante.mx\/index.php?rest_route=\/wp\/v2\/posts"}],"about":[{"href":"https:\/\/elinformante.mx\/index.php?rest_route=\/wp\/v2\/types\/post"}],"author":[{"embeddable":true,"href":"https:\/\/elinformante.mx\/index.php?rest_route=\/wp\/v2\/users\/1"}],"replies":[{"embeddable":true,"href":"https:\/\/elinformante.mx\/index.php?rest_route=%2Fwp%2Fv2%2Fcomments&post=50774"}],"version-history":[{"count":0,"href":"https:\/\/elinformante.mx\/index.php?rest_route=\/wp\/v2\/posts\/50774\/revisions"}],"wp:featuredmedia":[{"embeddable":true,"href":"https:\/\/elinformante.mx\/index.php?rest_route=\/wp\/v2\/media\/50775"}],"wp:attachment":[{"href":"https:\/\/elinformante.mx\/index.php?rest_route=%2Fwp%2Fv2%2Fmedia&parent=50774"}],"wp:term":[{"taxonomy":"category","embeddable":true,"href":"https:\/\/elinformante.mx\/index.php?rest_route=%2Fwp%2Fv2%2Fcategories&post=50774"},{"taxonomy":"post_tag","embeddable":true,"href":"https:\/\/elinformante.mx\/index.php?rest_route=%2Fwp%2Fv2%2Ftags&post=50774"}],"curies":[{"name":"wp","href":"https:\/\/api.w.org\/{rel}","templated":true}]}}