{"id":50781,"date":"2024-04-02T06:26:36","date_gmt":"2024-04-02T12:26:36","guid":{"rendered":"https:\/\/elinformante.mx\/?p=50781"},"modified":"2024-04-02T06:26:37","modified_gmt":"2024-04-02T12:26:37","slug":"habitantes-de-acapulco-en-contra-de-cuarteles-de-la-guardia-nacional","status":"publish","type":"post","link":"https:\/\/elinformante.mx\/?p=50781","title":{"rendered":"Habitantes de Acapulco en contra de cuarteles de la Guardia Nacional"},"content":{"rendered":"\n<blockquote class=\"wp-block-quote is-layout-flow wp-block-quote-is-layout-flow\">\n<p>Si bien hay quienes consideran que ello es necesario ante el clima de violencia, hay quienes dicen que no servir\u00e1 de nada a los acapulque\u00f1os.<\/p>\n<\/blockquote>\n\n\n\n<p>La construcci\u00f3n de los 21 cuarteles de la Guardia Nacional en Acapulco, ha generado fuerte inconformidad entre los habitantes del puerto, y una gran mayor\u00eda los rechazan.<br><\/p>\n\n\n\n<p>De acuerdo con lo expuesto por vecinos al parque Papagayos, en enero el presidente de M\u00e9xico Andr\u00e9s Manuel L\u00f3pez Obrador anunci\u00f3 en una ma\u00f1anera desde Acapulco, la construcci\u00f3n de los cuarteles de la Guardia Nacional con una inversi\u00f3n de cinco mil millones de pesos.<br><\/p>\n\n\n\n<p>En el parque Papagayo en dos ocasiones ya protestaron ciudadanos por la construcci\u00f3n de uno de los 21 cuarteles que se construir\u00e1n, mientras que en el fraccionamiento Costa Dorada es la misma situaci\u00f3n debido a que se invadi\u00f3 una \u00e1rea de recreaci\u00f3n.<br><\/p>\n\n\n\n<p>En el fraccionamiento Costa Dotada, el cuartel est\u00e1 siendo construido en una \u00e1rea de m\u00e1s de una hect\u00e1rea donde anteriormente, se ubicaba un balneario que serv\u00eda para reuniones familiares.<br><\/p>\n\n\n\n<p>En los 21 cuarteles que fueron anunciados por el presidente Andr\u00e9s Manuel L\u00f3pez Obrador, ser\u00e1n asignados diez mil elementos de la Guardia Nacional que llegaron al puerto luego del paso del hurac\u00e1n Otis en el puerto.<br><\/p>\n\n\n\n<p>Hasta el momento quienes se han sumado a la donaci\u00f3n en comodato de predios para la construcci\u00f3n de los cuarteles de la Guardia Nacional, se encuentra el ayuntamiento de Acapulco y la misma Universidad Aut\u00f3noma de Guerrero.<br><\/p>\n\n\n\n<p>Los cuarteles, pese al rechazo que han tenido algunos de estos debido al lugar donde est\u00e1n siendo construidos, quedar\u00edan terminados este mismo a\u00f1o, seg\u00fan las propias autoridades del gobierno federal.<\/p>\n","protected":false},"excerpt":{"rendered":"<p>Si bien hay quienes consideran que ello es necesario ante el clima de violencia, hay quienes dicen que no servir\u00e1 de nada a los acapulque\u00f1os. La construcci\u00f3n de los 21 cuarteles de la Guardia Nacional en Acapulco, ha generado fuerte inconformidad entre los habitantes del puerto, y una gran mayor\u00eda los rechazan. De acuerdo con [&hellip;]<\/p>\n","protected":false},"author":1,"featured_media":50782,"comment_status":"closed","ping_status":"closed","sticky":false,"template":"","format":"standard","meta":{"footnotes":""},"categories":[34],"tags":[],"class_list":["post-50781","post","type-post","status-publish","format-standard","has-post-thumbnail","hentry","category-nacional"],"_links":{"self":[{"href":"https:\/\/elinformante.mx\/index.php?rest_route=\/wp\/v2\/posts\/50781","targetHints":{"allow":["GET"]}}],"collection":[{"href":"https:\/\/elinformante.mx\/index.php?rest_route=\/wp\/v2\/posts"}],"about":[{"href":"https:\/\/elinformante.mx\/index.php?rest_route=\/wp\/v2\/types\/post"}],"author":[{"embeddable":true,"href":"https:\/\/elinformante.mx\/index.php?rest_route=\/wp\/v2\/users\/1"}],"replies":[{"embeddable":true,"href":"https:\/\/elinformante.mx\/index.php?rest_route=%2Fwp%2Fv2%2Fcomments&post=50781"}],"version-history":[{"count":0,"href":"https:\/\/elinformante.mx\/index.php?rest_route=\/wp\/v2\/posts\/50781\/revisions"}],"wp:featuredmedia":[{"embeddable":true,"href":"https:\/\/elinformante.mx\/index.php?rest_route=\/wp\/v2\/media\/50782"}],"wp:attachment":[{"href":"https:\/\/elinformante.mx\/index.php?rest_route=%2Fwp%2Fv2%2Fmedia&parent=50781"}],"wp:term":[{"taxonomy":"category","embeddable":true,"href":"https:\/\/elinformante.mx\/index.php?rest_route=%2Fwp%2Fv2%2Fcategories&post=50781"},{"taxonomy":"post_tag","embeddable":true,"href":"https:\/\/elinformante.mx\/index.php?rest_route=%2Fwp%2Fv2%2Ftags&post=50781"}],"curies":[{"name":"wp","href":"https:\/\/api.w.org\/{rel}","templated":true}]}}