{"id":50787,"date":"2024-04-02T06:30:03","date_gmt":"2024-04-02T12:30:03","guid":{"rendered":"https:\/\/elinformante.mx\/?p=50787"},"modified":"2024-04-02T06:30:05","modified_gmt":"2024-04-02T12:30:05","slug":"persiste-el-apoyo-hacia-las-mujeres-de-quintana-roo-con-importante-foro","status":"publish","type":"post","link":"https:\/\/elinformante.mx\/?p=50787","title":{"rendered":"Persiste el apoyo hacia las mujeres de Quintana Roo con importante foro"},"content":{"rendered":"\n<blockquote class=\"wp-block-quote is-layout-flow wp-block-quote-is-layout-flow\">\n<p>El foro \u201cLa Mujer y la Innovaci\u00f3n en la Tecnolog\u00eda\u201d destaca el liderazgo femenino con conferencias y talleres sobre inteligencia artificial y emprendimiento.<\/p>\n<\/blockquote>\n\n\n\n<p>La gobernadora Mara Lezama puso en marcha el foro \u201cLa Mujer y la Innovaci\u00f3n en la Tecnolog\u00eda\u201d, dirigido a empresarias, artesanas, presidentas de c\u00e1maras, consultoras, del sector acad\u00e9mico, entre muchas m\u00e1s.<br><\/p>\n\n\n\n<p>En este foro tuvo verificativo la conferencia magistral sobre \u201cPlataformas de Educaci\u00f3n Financiera\u201d y dos talleres: \u201cLa inteligencia artificial en la vida de las mujeres\u201d y \u201cEl rol de la mujer en la innovaci\u00f3n en M\u00e9xico\u201d.<br><\/p>\n\n\n\n<figure class=\"wp-block-image size-large\"><img fetchpriority=\"high\" decoding=\"async\" width=\"1024\" height=\"503\" src=\"https:\/\/elinformante.mx\/wp-content\/uploads\/2024\/04\/4QUINTANAROO-1-1024x503.jpg\" alt=\"\" class=\"wp-image-50789\" srcset=\"https:\/\/elinformante.mx\/wp-content\/uploads\/2024\/04\/4QUINTANAROO-1-1024x503.jpg 1024w, https:\/\/elinformante.mx\/wp-content\/uploads\/2024\/04\/4QUINTANAROO-1-300x147.jpg 300w, https:\/\/elinformante.mx\/wp-content\/uploads\/2024\/04\/4QUINTANAROO-1-768x377.jpg 768w, https:\/\/elinformante.mx\/wp-content\/uploads\/2024\/04\/4QUINTANAROO-1-580x285.jpg 580w, https:\/\/elinformante.mx\/wp-content\/uploads\/2024\/04\/4QUINTANAROO-1-860x422.jpg 860w, https:\/\/elinformante.mx\/wp-content\/uploads\/2024\/04\/4QUINTANAROO-1.jpg 1140w\" sizes=\"(max-width: 1024px) 100vw, 1024px\" \/><\/figure>\n\n\n\n<p>Mara Lezama expres\u00f3 durante la inauguraci\u00f3n que en Quintana Roo hay m\u00e1s mujeres emprendiendo, dirigiendo con \u00e9xito empresas que generan empleo; mujeres que lideren la innovaci\u00f3n tecnol\u00f3gica para la resoluci\u00f3n de problemas p\u00fablicos para acelerar el paso hacia el desarrollo.<br><\/p>\n\n\n\n<p>En la apertura del foro acompa\u00f1aron a la titular del Ejecutivo la presidenta honoraria del Sistema DIF Quintana Roo, Ver\u00f3nica Lezama Espinosa; Ana Mar\u00eda Casais, gerente de educaci\u00f3n financiera Actinver; Ang\u00e9lica Fr\u00edas, presidenta de Coparmex Quintana Roo; Luisa Barr\u00f3n Maldonado, fundadora de Maldonado Consultores; Mar\u00eda Hadad Castillo, directora general del IQM; Javier Abraham Ayuso S\u00e1nchez, director general del IQIT, y Christopher Malpica Morales, director general del COQCYT.<\/p>\n","protected":false},"excerpt":{"rendered":"<p>El foro \u201cLa Mujer y la Innovaci\u00f3n en la Tecnolog\u00eda\u201d destaca el liderazgo femenino con conferencias y talleres sobre inteligencia artificial y emprendimiento. La gobernadora Mara Lezama puso en marcha el foro \u201cLa Mujer y la Innovaci\u00f3n en la Tecnolog\u00eda\u201d, dirigido a empresarias, artesanas, presidentas de c\u00e1maras, consultoras, del sector acad\u00e9mico, entre muchas m\u00e1s. En [&hellip;]<\/p>\n","protected":false},"author":1,"featured_media":50788,"comment_status":"closed","ping_status":"closed","sticky":false,"template":"","format":"standard","meta":{"footnotes":""},"categories":[30,34],"tags":[],"class_list":["post-50787","post","type-post","status-publish","format-standard","has-post-thumbnail","hentry","category-destacado","category-nacional"],"_links":{"self":[{"href":"https:\/\/elinformante.mx\/index.php?rest_route=\/wp\/v2\/posts\/50787","targetHints":{"allow":["GET"]}}],"collection":[{"href":"https:\/\/elinformante.mx\/index.php?rest_route=\/wp\/v2\/posts"}],"about":[{"href":"https:\/\/elinformante.mx\/index.php?rest_route=\/wp\/v2\/types\/post"}],"author":[{"embeddable":true,"href":"https:\/\/elinformante.mx\/index.php?rest_route=\/wp\/v2\/users\/1"}],"replies":[{"embeddable":true,"href":"https:\/\/elinformante.mx\/index.php?rest_route=%2Fwp%2Fv2%2Fcomments&post=50787"}],"version-history":[{"count":0,"href":"https:\/\/elinformante.mx\/index.php?rest_route=\/wp\/v2\/posts\/50787\/revisions"}],"wp:featuredmedia":[{"embeddable":true,"href":"https:\/\/elinformante.mx\/index.php?rest_route=\/wp\/v2\/media\/50788"}],"wp:attachment":[{"href":"https:\/\/elinformante.mx\/index.php?rest_route=%2Fwp%2Fv2%2Fmedia&parent=50787"}],"wp:term":[{"taxonomy":"category","embeddable":true,"href":"https:\/\/elinformante.mx\/index.php?rest_route=%2Fwp%2Fv2%2Fcategories&post=50787"},{"taxonomy":"post_tag","embeddable":true,"href":"https:\/\/elinformante.mx\/index.php?rest_route=%2Fwp%2Fv2%2Ftags&post=50787"}],"curies":[{"name":"wp","href":"https:\/\/api.w.org\/{rel}","templated":true}]}}