{"id":50804,"date":"2024-04-02T06:39:36","date_gmt":"2024-04-02T12:39:36","guid":{"rendered":"https:\/\/elinformante.mx\/?p=50804"},"modified":"2024-04-02T06:39:37","modified_gmt":"2024-04-02T12:39:37","slug":"pjedomex-es-el-primero-en-interconectarse-con-la-judicatura-federal","status":"publish","type":"post","link":"https:\/\/elinformante.mx\/?p=50804","title":{"rendered":"PJEdom\u00e9x es el primero en interconectarse con la Judicatura Federal"},"content":{"rendered":"\n<blockquote class=\"wp-block-quote is-layout-flow wp-block-quote-is-layout-flow\">\n<p>Para agilizar amparos, reducir tiempos y costos en la administraci\u00f3n de justicia<\/p>\n<\/blockquote>\n\n\n\n<p>El Poder Judicial del Estado de M\u00e9xico es el primer tribunal local seleccionado por el Consejo de la Judicatura Federal para interconectarse, migrando el tr\u00e1mite tradicional del juicio de amparo al \u00e1mbito digital. Es una alianza hist\u00f3rica que, con firma electr\u00f3nica homologada, deja atr\u00e1s los env\u00edos por paqueter\u00eda y las notificaciones f\u00edsicas; reduciendo tiempos, traslados y papel.<br><\/p>\n\n\n\n<p>Quedar\u00e1n en el pasado los informes y sus miles de hojas, pues en esta primera etapa se podr\u00e1n realizar digitalmente promociones, anexos, oficios, documentos, informes justificados, notificaciones, solicitudes procesales, env\u00edo de sentencias y exhortos.<br><\/p>\n\n\n\n<p>Ser\u00e1n posibles realizar tr\u00e1mites electr\u00f3nicos entre los 337 \u00f3rganos jurisdiccionales del PJEdom\u00e9x y los 855 del Consejo de la Judicatura Federal. Magistradas, magistrados y jueces de las materias laboral, penal, civil, familiar y mercantil har\u00e1n uso de este instrumento.<br><\/p>\n\n\n\n<figure class=\"wp-block-image size-large\"><img fetchpriority=\"high\" decoding=\"async\" width=\"1024\" height=\"503\" src=\"https:\/\/elinformante.mx\/wp-content\/uploads\/2024\/04\/pjedomex-2-1024x503.jpg\" alt=\"\" class=\"wp-image-50806\" srcset=\"https:\/\/elinformante.mx\/wp-content\/uploads\/2024\/04\/pjedomex-2-1024x503.jpg 1024w, https:\/\/elinformante.mx\/wp-content\/uploads\/2024\/04\/pjedomex-2-300x147.jpg 300w, https:\/\/elinformante.mx\/wp-content\/uploads\/2024\/04\/pjedomex-2-768x377.jpg 768w, https:\/\/elinformante.mx\/wp-content\/uploads\/2024\/04\/pjedomex-2-580x285.jpg 580w, https:\/\/elinformante.mx\/wp-content\/uploads\/2024\/04\/pjedomex-2-860x422.jpg 860w, https:\/\/elinformante.mx\/wp-content\/uploads\/2024\/04\/pjedomex-2.jpg 1140w\" sizes=\"(max-width: 1024px) 100vw, 1024px\" \/><\/figure>\n\n\n\n<p>Durante la Emisi\u00f3n de la Declaratoria de Interconexi\u00f3n Tecnol\u00f3gica, el Magistrado Presidente Ricardo Sodi Cuellar enfatiz\u00f3 la relevancia de la selecci\u00f3n de esta instituci\u00f3n para el desarrollo de dicha herramienta, al ser reconocido como el tribunal m\u00e1s visibilizado y mejor evaluado por la federaci\u00f3n en t\u00e9rminos de avance tecnol\u00f3gico, t\u00e9cnico y eficiencia.<br><\/p>\n\n\n\n<p>Sodi Cuellar refiri\u00f3 que esta colaboraci\u00f3n facilitar\u00e1 los procesos relacionados con el juicio de amparo. En el Palacio de Justicia de Toluca, reconoci\u00f3 la necesidad de impulsar la capacitaci\u00f3n e implementaci\u00f3n de herramientas tecnol\u00f3gicas en la administraci\u00f3n de justicia, y reafirm\u00f3 el compromiso para mejorar la accesibilidad y eficiencia del sistema judicial.<br><\/p>\n\n\n\n<p>Jos\u00e9 Alfonso Montalvo Mart\u00ednez, Consejero de la Judicatura Federal, enfatiz\u00f3 los beneficios de esta colaboraci\u00f3n, indic\u00f3 que la implementaci\u00f3n de herramientas tecnol\u00f3gicas no solo agiliza procedimientos legales, tambi\u00e9n reduce costos y promueve una mayor equidad en la tramitaci\u00f3n de expedientes.<br><\/p>\n\n\n\n<p>Al respecto, la Consejera de la Judicatura mexiquense, Cristel Pozas Serrano destac\u00f3 la relevancia de esta iniciativa, al se\u00f1alar que las soluciones digitales tienen el poder de transformar a las organizaciones, automatizando tareas y permitiendo un enfoque en la innovaci\u00f3n y la implementaci\u00f3n de nuevos servicios. Asegur\u00f3 que, en un mundo cada vez m\u00e1s digitalizado, contar con una estrategia de transformaci\u00f3n tecnol\u00f3gica adecuada es crucial para el progreso del pa\u00eds, y la justicia no es la excepci\u00f3n.<\/p>\n","protected":false},"excerpt":{"rendered":"<p>Para agilizar amparos, reducir tiempos y costos en la administraci\u00f3n de justicia El Poder Judicial del Estado de M\u00e9xico es el primer tribunal local seleccionado por el Consejo de la Judicatura Federal para interconectarse, migrando el tr\u00e1mite tradicional del juicio de amparo al \u00e1mbito digital. Es una alianza hist\u00f3rica que, con firma electr\u00f3nica homologada, deja [&hellip;]<\/p>\n","protected":false},"author":1,"featured_media":50805,"comment_status":"closed","ping_status":"closed","sticky":false,"template":"","format":"standard","meta":{"footnotes":""},"categories":[30,36,31],"tags":[],"class_list":["post-50804","post","type-post","status-publish","format-standard","has-post-thumbnail","hentry","category-destacado","category-edomex","category-portada"],"_links":{"self":[{"href":"https:\/\/elinformante.mx\/index.php?rest_route=\/wp\/v2\/posts\/50804","targetHints":{"allow":["GET"]}}],"collection":[{"href":"https:\/\/elinformante.mx\/index.php?rest_route=\/wp\/v2\/posts"}],"about":[{"href":"https:\/\/elinformante.mx\/index.php?rest_route=\/wp\/v2\/types\/post"}],"author":[{"embeddable":true,"href":"https:\/\/elinformante.mx\/index.php?rest_route=\/wp\/v2\/users\/1"}],"replies":[{"embeddable":true,"href":"https:\/\/elinformante.mx\/index.php?rest_route=%2Fwp%2Fv2%2Fcomments&post=50804"}],"version-history":[{"count":0,"href":"https:\/\/elinformante.mx\/index.php?rest_route=\/wp\/v2\/posts\/50804\/revisions"}],"wp:featuredmedia":[{"embeddable":true,"href":"https:\/\/elinformante.mx\/index.php?rest_route=\/wp\/v2\/media\/50805"}],"wp:attachment":[{"href":"https:\/\/elinformante.mx\/index.php?rest_route=%2Fwp%2Fv2%2Fmedia&parent=50804"}],"wp:term":[{"taxonomy":"category","embeddable":true,"href":"https:\/\/elinformante.mx\/index.php?rest_route=%2Fwp%2Fv2%2Fcategories&post=50804"},{"taxonomy":"post_tag","embeddable":true,"href":"https:\/\/elinformante.mx\/index.php?rest_route=%2Fwp%2Fv2%2Ftags&post=50804"}],"curies":[{"name":"wp","href":"https:\/\/api.w.org\/{rel}","templated":true}]}}