{"id":52482,"date":"2024-04-23T06:44:44","date_gmt":"2024-04-23T12:44:44","guid":{"rendered":"https:\/\/elinformante.mx\/?p=52482"},"modified":"2024-04-23T06:45:37","modified_gmt":"2024-04-23T12:45:37","slug":"fallece-la-directora-mexicana-lourdes-portillo-en-san-francisco","status":"publish","type":"post","link":"https:\/\/elinformante.mx\/?p=52482","title":{"rendered":"Fallece la directora mexicana Lourdes Portillo, en San Francisco"},"content":{"rendered":"\n<blockquote class=\"wp-block-quote is-layout-flow wp-block-quote-is-layout-flow\">\n<p>La cineasta y activista social investig\u00f3 el secuestro de m\u00e1s de 350 mujeres j\u00f3venes en Ju\u00e1rez, M\u00e9xico, en su documental \u201cJoven desaparecida\u201d; fue nominada al Oscar.<\/p>\n<\/blockquote>\n\n\n\n<p>Lourdes Portillo, la aclamada cineasta mexicana conocida por su destacada contribuci\u00f3n al cine documental, ha fallecido a la edad de 80 a\u00f1os en su residencia en San Francisco, seg\u00fan inform\u00f3 Variety.<br><\/p>\n\n\n\n<p>Portillo dej\u00f3 una marca indeleble en el mundo del cine con una serie de documentales que abordaron temas sociales, pol\u00edticos y culturales con una sensibilidad \u00fanica y una perspectiva profundamente personal.<br><\/p>\n\n\n\n<p>Lourdes Portillo naci\u00f3 en Chihuahua, M\u00e9xico, en 1944. A lo largo de su vida, destac\u00f3 como productora, directora, periodista de investigaci\u00f3n y activista social.<br><\/p>\n\n\n\n<p>Portillo se enfoc\u00f3 en la escritura, direcci\u00f3n y producci\u00f3n de pel\u00edculas y videos que exploraban las emociones y circunstancias de las experiencias latinoamericanas, mexicanas y chicanas.<br><\/p>\n\n\n\n<p>Portillo inici\u00f3 su incursi\u00f3n en el cine a los 21 a\u00f1os, cuando ayud\u00f3 a una amiga en la realizaci\u00f3n de un documental. A partir de entonces, se sumergi\u00f3 en una formaci\u00f3n cinematogr\u00e1fica formal y produjo su primera pel\u00edcula en 1979, titulada \u201cDespu\u00e9s del terremoto\u201d.<br><\/p>\n\n\n\n<p>Una de las caracter\u00edsticas distintivas del trabajo de Portillo fue su enfoque en temas de identidad y justicia social en Estados Unidos y Am\u00e9rica Latina. Sus documentales abordaron una amplia gama de temas, desde la violencia de g\u00e9nero hasta la lucha por los derechos humanos.<br><\/p>\n\n\n\n<p>Uno de sus proyectos m\u00e1s impactantes fue el documental \u201cJoven desaparecida\u201d, en el que investig\u00f3 el secuestro, violaci\u00f3n y asesinato de m\u00e1s de 350 mujeres j\u00f3venes en Ciudad Ju\u00e1rez, M\u00e9xico, una problem\u00e1tica fronteriza con Estados Unidos.<br><\/p>\n\n\n\n<p>A trav\u00e9s de testimonios y an\u00e1lisis profundos, Portillo expuso las fallas del sistema judicial y la complicidad de las autoridades en estos cr\u00edmenes.<br><\/p>\n\n\n\n<p>Entre sus obras m\u00e1s destacadas se encuentra \u201cLas Madres: Las Madres de Plaza de Mayo\u201d, un documental que retrata la lucha de las madres de los desaparecidos argentinos durante la dictadura militar en Argentina entre 1976 y 1983.<br><\/p>\n\n\n\n<p>Esta pel\u00edcula, creada junto a la cineasta Susana Blaustein Mu\u00f1oz, recibi\u00f3 una nominaci\u00f3n al Premio de la Academia al mejor largometraje documental en 1986.<br><\/p>\n\n\n\n<p>Actualmente, el Museo de la Academia de Cine alberga una galer\u00eda dedicada a Portillo, resaltando su vida y trayectoria como parte de sus Series Limitadas y Spotlights.<\/p>\n","protected":false},"excerpt":{"rendered":"<p>La cineasta y activista social investig\u00f3 el secuestro de m\u00e1s de 350 mujeres j\u00f3venes en Ju\u00e1rez, M\u00e9xico, en su documental \u201cJoven desaparecida\u201d; fue nominada al Oscar. Lourdes Portillo, la aclamada cineasta mexicana conocida por su destacada contribuci\u00f3n al cine documental, ha fallecido a la edad de 80 a\u00f1os en su residencia en San Francisco, seg\u00fan [&hellip;]<\/p>\n","protected":false},"author":1,"featured_media":52483,"comment_status":"closed","ping_status":"closed","sticky":false,"template":"","format":"standard","meta":{"footnotes":""},"categories":[39],"tags":[],"class_list":["post-52482","post","type-post","status-publish","format-standard","has-post-thumbnail","hentry","category-espectaculos"],"_links":{"self":[{"href":"https:\/\/elinformante.mx\/index.php?rest_route=\/wp\/v2\/posts\/52482","targetHints":{"allow":["GET"]}}],"collection":[{"href":"https:\/\/elinformante.mx\/index.php?rest_route=\/wp\/v2\/posts"}],"about":[{"href":"https:\/\/elinformante.mx\/index.php?rest_route=\/wp\/v2\/types\/post"}],"author":[{"embeddable":true,"href":"https:\/\/elinformante.mx\/index.php?rest_route=\/wp\/v2\/users\/1"}],"replies":[{"embeddable":true,"href":"https:\/\/elinformante.mx\/index.php?rest_route=%2Fwp%2Fv2%2Fcomments&post=52482"}],"version-history":[{"count":0,"href":"https:\/\/elinformante.mx\/index.php?rest_route=\/wp\/v2\/posts\/52482\/revisions"}],"wp:featuredmedia":[{"embeddable":true,"href":"https:\/\/elinformante.mx\/index.php?rest_route=\/wp\/v2\/media\/52483"}],"wp:attachment":[{"href":"https:\/\/elinformante.mx\/index.php?rest_route=%2Fwp%2Fv2%2Fmedia&parent=52482"}],"wp:term":[{"taxonomy":"category","embeddable":true,"href":"https:\/\/elinformante.mx\/index.php?rest_route=%2Fwp%2Fv2%2Fcategories&post=52482"},{"taxonomy":"post_tag","embeddable":true,"href":"https:\/\/elinformante.mx\/index.php?rest_route=%2Fwp%2Fv2%2Ftags&post=52482"}],"curies":[{"name":"wp","href":"https:\/\/api.w.org\/{rel}","templated":true}]}}