{"id":52485,"date":"2024-04-23T06:47:02","date_gmt":"2024-04-23T12:47:02","guid":{"rendered":"https:\/\/elinformante.mx\/?p=52485"},"modified":"2024-04-23T06:47:03","modified_gmt":"2024-04-23T12:47:03","slug":"slipknot-anuncia-su-primer-concierto-en-la-cdmx","status":"publish","type":"post","link":"https:\/\/elinformante.mx\/?p=52485","title":{"rendered":"Slipknot anuncia su primer concierto en la CDMX"},"content":{"rendered":"\n<blockquote class=\"wp-block-quote is-layout-flow wp-block-quote-is-layout-flow\">\n<p>Se trata del primer espect\u00e1culo, exclusivamente de ellos, que sus fans mexicanas y mexicanos podr\u00e1n disfrutar en 25 a\u00f1os de trayectoria.<\/p>\n<\/blockquote>\n\n\n\n<p>Slipknot anunci\u00f3 este lunes que visitar\u00e1 M\u00e9xico para ofrecer sus dos primeros conciertos individuales, los cuales tendr\u00e1n lugar en la CDMX y Guadalajara, los pr\u00f3ximos 8 y 9 noviembre.<br><\/p>\n\n\n\n<p>no es la primera vez que Slipknot pisar\u00e1 tierras mexicanas, pues en el pasado ya ha participado en eventos musicales, como ocurri\u00f3 hace cinco meses, cuando la banda encabez\u00f3 el festival \u201cHell and Heaven\u201d, llevado a cabo en el Foro Pegaso, en Toluca, esta ser\u00e1 la primera vez que ofrezcan en un concierto completamente suyo.<br><\/p>\n\n\n\n<p>Pero s\u00ed se trata del primer espect\u00e1culo, exclusivamente de ellos, que sus fans mexicanas y mexicanos podr\u00e1n disfrutar en 25 a\u00f1os de trayectoria.<br><\/p>\n\n\n\n<p>La noticia se dio a conocer a trav\u00e9s de las redes sociales de la banda, la ma\u00f1ana de este lunes.<br><\/p>\n\n\n\n<p>M\u00e9xico ser\u00e1 uno de los pa\u00edses que el grupo ha considerado para llevar su \u201c25th anniversary\u201d, a trav\u00e9s del que tambi\u00e9n visitar\u00e1n otras partes del mundo.<br><\/p>\n\n\n\n<figure class=\"wp-block-image size-large\"><img fetchpriority=\"high\" decoding=\"async\" width=\"1024\" height=\"503\" src=\"https:\/\/elinformante.mx\/wp-content\/uploads\/2024\/04\/15BANDA-2-1024x503.jpg\" alt=\"\" class=\"wp-image-52488\" srcset=\"https:\/\/elinformante.mx\/wp-content\/uploads\/2024\/04\/15BANDA-2-1024x503.jpg 1024w, https:\/\/elinformante.mx\/wp-content\/uploads\/2024\/04\/15BANDA-2-300x147.jpg 300w, https:\/\/elinformante.mx\/wp-content\/uploads\/2024\/04\/15BANDA-2-768x377.jpg 768w, https:\/\/elinformante.mx\/wp-content\/uploads\/2024\/04\/15BANDA-2-580x285.jpg 580w, https:\/\/elinformante.mx\/wp-content\/uploads\/2024\/04\/15BANDA-2-860x422.jpg 860w, https:\/\/elinformante.mx\/wp-content\/uploads\/2024\/04\/15BANDA-2.jpg 1140w\" sizes=\"(max-width: 1024px) 100vw, 1024px\" \/><\/figure>\n\n\n\n<p>De hecho, el primer pa\u00eds que podr\u00e1 atestiguar el repertorio con que Slipknot celebrar\u00e1 su carrera en Sao Paulo, Brasil, ciudad donde abrir\u00e1n la gira, los pr\u00f3ximos 19 y 20 de octubre.<br><\/p>\n\n\n\n<p>Posteriormente, la banda -originaria de Iowa, Estados Unidos- llegar\u00e1 a nuestro pa\u00eds, los d\u00edas 8 y 9 noviembre; primero se presentar\u00e1 en Calle 2, Guadalajara, y al d\u00eda siguiente estar\u00e1n en Parque Bicentenario en la CDMX, ubicado entre las alcald\u00edas Miguel Hidalgo y Azcapotzalco, por la estaci\u00f3n Refiner\u00eda de la l\u00ednea 7 del metro.<br><\/p>\n\n\n\n<p>El grupo ha precisado que la venta de boletos ser\u00e1 limitado, por lo que ofreci\u00f3 un link para fans en donde pueden solicitar la venta preferente que se realizar\u00e1 todav\u00eda antes que la propia preventa.<br><\/p>\n\n\n\n<p>El registro se puede hacer aqu\u00ed: https:\/\/mailchi.mp\/522c0e7d0477\/i8l4un1g2g<br><\/p>\n\n\n\n<p>La venta a fans, quienes se autodenominan como \u201cmaggots\u201d, se llevar\u00e1 a cabo el jueves 2 de mayo de las 10 a 11 horas.<br><\/p>\n\n\n\n<p>La preventa est\u00e1 disponible para personas con tarjeta Banorte el 2, 3, 4 y 5 mayo, a partir de las 11.<br><\/p>\n\n\n\n<p>Y la venta general comenzar\u00e1 desde el 6 de mayo.<br>Aunque la banda no dio ninguna precisi\u00f3n de la cantidad de boletos que se pondr\u00e1n a la venta, sabemos que el Parque Bicentenario tiene una capacidad de alrededor de 11 mil 800 personas.<br><\/p>\n\n\n\n<p>Cabe recordar que durante su actuaci\u00f3n en el Hell and Heaven del 2023, el baterista Jay Weinberg toc\u00f3 por \u00faltima vez con el grupo.<\/p>\n\n\n\n<figure class=\"wp-block-image size-large\"><img decoding=\"async\" width=\"1024\" height=\"503\" src=\"https:\/\/elinformante.mx\/wp-content\/uploads\/2024\/04\/15BANDA-3-1024x503.jpg\" alt=\"\" class=\"wp-image-52489\" srcset=\"https:\/\/elinformante.mx\/wp-content\/uploads\/2024\/04\/15BANDA-3-1024x503.jpg 1024w, https:\/\/elinformante.mx\/wp-content\/uploads\/2024\/04\/15BANDA-3-300x147.jpg 300w, https:\/\/elinformante.mx\/wp-content\/uploads\/2024\/04\/15BANDA-3-768x377.jpg 768w, https:\/\/elinformante.mx\/wp-content\/uploads\/2024\/04\/15BANDA-3-580x285.jpg 580w, https:\/\/elinformante.mx\/wp-content\/uploads\/2024\/04\/15BANDA-3-860x422.jpg 860w, https:\/\/elinformante.mx\/wp-content\/uploads\/2024\/04\/15BANDA-3.jpg 1140w\" sizes=\"(max-width: 1024px) 100vw, 1024px\" \/><\/figure>\n","protected":false},"excerpt":{"rendered":"<p>Se trata del primer espect\u00e1culo, exclusivamente de ellos, que sus fans mexicanas y mexicanos podr\u00e1n disfrutar en 25 a\u00f1os de trayectoria. Slipknot anunci\u00f3 este lunes que visitar\u00e1 M\u00e9xico para ofrecer sus dos primeros conciertos individuales, los cuales tendr\u00e1n lugar en la CDMX y Guadalajara, los pr\u00f3ximos 8 y 9 noviembre. no es la primera vez [&hellip;]<\/p>\n","protected":false},"author":1,"featured_media":52487,"comment_status":"closed","ping_status":"closed","sticky":false,"template":"","format":"standard","meta":{"footnotes":""},"categories":[30,39],"tags":[],"class_list":["post-52485","post","type-post","status-publish","format-standard","has-post-thumbnail","hentry","category-destacado","category-espectaculos"],"_links":{"self":[{"href":"https:\/\/elinformante.mx\/index.php?rest_route=\/wp\/v2\/posts\/52485","targetHints":{"allow":["GET"]}}],"collection":[{"href":"https:\/\/elinformante.mx\/index.php?rest_route=\/wp\/v2\/posts"}],"about":[{"href":"https:\/\/elinformante.mx\/index.php?rest_route=\/wp\/v2\/types\/post"}],"author":[{"embeddable":true,"href":"https:\/\/elinformante.mx\/index.php?rest_route=\/wp\/v2\/users\/1"}],"replies":[{"embeddable":true,"href":"https:\/\/elinformante.mx\/index.php?rest_route=%2Fwp%2Fv2%2Fcomments&post=52485"}],"version-history":[{"count":0,"href":"https:\/\/elinformante.mx\/index.php?rest_route=\/wp\/v2\/posts\/52485\/revisions"}],"wp:featuredmedia":[{"embeddable":true,"href":"https:\/\/elinformante.mx\/index.php?rest_route=\/wp\/v2\/media\/52487"}],"wp:attachment":[{"href":"https:\/\/elinformante.mx\/index.php?rest_route=%2Fwp%2Fv2%2Fmedia&parent=52485"}],"wp:term":[{"taxonomy":"category","embeddable":true,"href":"https:\/\/elinformante.mx\/index.php?rest_route=%2Fwp%2Fv2%2Fcategories&post=52485"},{"taxonomy":"post_tag","embeddable":true,"href":"https:\/\/elinformante.mx\/index.php?rest_route=%2Fwp%2Fv2%2Ftags&post=52485"}],"curies":[{"name":"wp","href":"https:\/\/api.w.org\/{rel}","templated":true}]}}