{"id":52491,"date":"2024-04-23T06:49:15","date_gmt":"2024-04-23T12:49:15","guid":{"rendered":"https:\/\/elinformante.mx\/?p=52491"},"modified":"2024-04-23T06:49:16","modified_gmt":"2024-04-23T12:49:16","slug":"mexico-suma-boletos-en-marcha-rumbo-a-paris","status":"publish","type":"post","link":"https:\/\/elinformante.mx\/?p=52491","title":{"rendered":"M\u00e9xico suma boletos en marcha rumbo a Par\u00eds"},"content":{"rendered":"\n<blockquote class=\"wp-block-quote is-layout-flow wp-block-quote-is-layout-flow\">\n<p>Con un nuevo pase asegurado por parte de Alegna Gonz\u00e1lez y Ever Palma en marcha dentro de la categor\u00eda de relevos mixtos, M\u00e9xico firm\u00f3 un fin de semana positivo para la delegaci\u00f3n deportiva que ir\u00e1 a los Juegos Ol\u00edmpicos de Par\u00eds 2024.<\/p>\n<\/blockquote>\n\n\n\n<p>Con un nuevo pase asegurado por parte de Alegna Gonz\u00e1lez y Ever Palma en marcha dentro de la categor\u00eda de relevos mixtos, M\u00e9xico firm\u00f3 un fin de semana positivo para la delegaci\u00f3n deportiva que ir\u00e1 a los Juegos Ol\u00edmpicos de Par\u00eds 2024, que tras su actividad en el Campeonato Mundial por equipos en Antalya, Turqu\u00eda, firm\u00f3 un nuevo cupo con la dupla tricolor, quienes al concluir en el cuarto lugar del evento, sellaron su pase a la justa deportiva con un tiempo de 2:59:21 tras los 42.195 kil\u00f3metros recorridos.<br><\/p>\n\n\n\n<p>Gonz\u00e1lez se\u00f1al\u00f3 a las autoridades mexicanas que disfrut\u00f3 el recorrido que estuvo dividido entre cuatro intervalos de 12.195 kil\u00f3metros y otros tres de 10 mil metros cada uno. \u201cEstaba muy centrada en el objetivo que era clasificar a Juego Ol\u00edmpicos y me siento satisfecha y tranquila con el trabajo que se hizo\u201d.<br><\/p>\n\n\n\n<p>La prueba la terminaron por conquistar los italianos Francesco Fortunato y Valentina Trapletti, seguidos por los japoneses Koki Ikeda y Kumiko Okada, mientras que el bronce fue repartido para los espa\u00f1oles \u00c1lvaro Mart\u00edn y Laura Garc\u00eda.<br><\/p>\n\n\n\n<p>Dentro del mismo evento internacional pero en la modalidad varonil individual, Andr\u00e9s Olivas y Jos\u00e9 Luis Doctor concluyeron en los decimoquinto y decimosexto sitio en los 20 kil\u00f3metros recorridos, mientras que Noel Chama fue vigesimosexto general e Isaac Palma el lugar 38.<br><\/p>\n\n\n\n<figure class=\"wp-block-image size-large\"><img fetchpriority=\"high\" decoding=\"async\" width=\"1024\" height=\"503\" src=\"https:\/\/elinformante.mx\/wp-content\/uploads\/2024\/04\/14ALEGNA-2-1024x503.jpg\" alt=\"\" class=\"wp-image-52493\" srcset=\"https:\/\/elinformante.mx\/wp-content\/uploads\/2024\/04\/14ALEGNA-2-1024x503.jpg 1024w, https:\/\/elinformante.mx\/wp-content\/uploads\/2024\/04\/14ALEGNA-2-300x147.jpg 300w, https:\/\/elinformante.mx\/wp-content\/uploads\/2024\/04\/14ALEGNA-2-768x377.jpg 768w, https:\/\/elinformante.mx\/wp-content\/uploads\/2024\/04\/14ALEGNA-2-580x285.jpg 580w, https:\/\/elinformante.mx\/wp-content\/uploads\/2024\/04\/14ALEGNA-2-860x422.jpg 860w, https:\/\/elinformante.mx\/wp-content\/uploads\/2024\/04\/14ALEGNA-2.jpg 1140w\" sizes=\"(max-width: 1024px) 100vw, 1024px\" \/><\/figure>\n\n\n\n<p>Dentro de la fosa de clavados en la Super Final de la Copa del Mundo de Clavados que se realiz\u00f3 en China, el mexicano Randal Willars se qued\u00f3 con la medalla de bronce, tras conseguir una calificaci\u00f3n general de 492.50.<br><\/p>\n\n\n\n<p>Acompa\u00f1ado por el chino Hao Yanf, que con 557.60 unidades se qued\u00f3 con la presea de oro y el japon\u00e9s Rikuto Tamai en el segundo sitio con 531.55 puntos, el clavadista de 21 a\u00f1os logr\u00f3 la tercera presea en dicha justa, sumada a la plata de Osmar Olvera y Juan Celaya en los sincronizados de tres metros y la del propio Olvera en la misma altura individual.<br><\/p>\n\n\n\n<p>Para Willars esta signific\u00f3 su cuarta presea mundial, tras lograr en Alemania 2023 un bronce dentro de los 10 metros sincronizados y dos platas en individual y sincronizados, desde los 10 metros en el Mundial de Canad\u00e1, disputado a inicios del presente a\u00f1o.<br><\/p>\n\n\n\n<p>Finalmente, el equipo mexicano de gimnasia r\u00edtmica finaliz\u00f3 su participaci\u00f3n en la Copa del Mundo de la especialidad, realizada en Bak\u00fa Azerbaiy\u00e1n, con dos octavos lugares en la finales por equipos de cinco aros y en la prueba de tres listones y dos pelotas, con puntajes finales de 32.650 y 26.100 unidades, para darle fin a su gira por Europa que incluy\u00f3 una hist\u00f3rica medalla de bronce por equipos en la justa de Sof\u00eda, Bulgaria, de cara a su debut en Par\u00eds 2024.<\/p>\n","protected":false},"excerpt":{"rendered":"<p>Con un nuevo pase asegurado por parte de Alegna Gonz\u00e1lez y Ever Palma en marcha dentro de la categor\u00eda de relevos mixtos, M\u00e9xico firm\u00f3 un fin de semana positivo para la delegaci\u00f3n deportiva que ir\u00e1 a los Juegos Ol\u00edmpicos de Par\u00eds 2024. Con un nuevo pase asegurado por parte de Alegna Gonz\u00e1lez y Ever Palma [&hellip;]<\/p>\n","protected":false},"author":1,"featured_media":52492,"comment_status":"closed","ping_status":"closed","sticky":false,"template":"","format":"standard","meta":{"footnotes":""},"categories":[38],"tags":[],"class_list":["post-52491","post","type-post","status-publish","format-standard","has-post-thumbnail","hentry","category-deportes"],"_links":{"self":[{"href":"https:\/\/elinformante.mx\/index.php?rest_route=\/wp\/v2\/posts\/52491","targetHints":{"allow":["GET"]}}],"collection":[{"href":"https:\/\/elinformante.mx\/index.php?rest_route=\/wp\/v2\/posts"}],"about":[{"href":"https:\/\/elinformante.mx\/index.php?rest_route=\/wp\/v2\/types\/post"}],"author":[{"embeddable":true,"href":"https:\/\/elinformante.mx\/index.php?rest_route=\/wp\/v2\/users\/1"}],"replies":[{"embeddable":true,"href":"https:\/\/elinformante.mx\/index.php?rest_route=%2Fwp%2Fv2%2Fcomments&post=52491"}],"version-history":[{"count":0,"href":"https:\/\/elinformante.mx\/index.php?rest_route=\/wp\/v2\/posts\/52491\/revisions"}],"wp:featuredmedia":[{"embeddable":true,"href":"https:\/\/elinformante.mx\/index.php?rest_route=\/wp\/v2\/media\/52492"}],"wp:attachment":[{"href":"https:\/\/elinformante.mx\/index.php?rest_route=%2Fwp%2Fv2%2Fmedia&parent=52491"}],"wp:term":[{"taxonomy":"category","embeddable":true,"href":"https:\/\/elinformante.mx\/index.php?rest_route=%2Fwp%2Fv2%2Fcategories&post=52491"},{"taxonomy":"post_tag","embeddable":true,"href":"https:\/\/elinformante.mx\/index.php?rest_route=%2Fwp%2Fv2%2Ftags&post=52491"}],"curies":[{"name":"wp","href":"https:\/\/api.w.org\/{rel}","templated":true}]}}