{"id":52495,"date":"2024-04-23T06:50:38","date_gmt":"2024-04-23T12:50:38","guid":{"rendered":"https:\/\/elinformante.mx\/?p=52495"},"modified":"2024-04-23T06:50:39","modified_gmt":"2024-04-23T12:50:39","slug":"seleccion-mexicana-de-gimnasia-ritmica-termina-entre-las-mejores-en-el-mundial-de-azerbaiyan","status":"publish","type":"post","link":"https:\/\/elinformante.mx\/?p=52495","title":{"rendered":"Selecci\u00f3n Mexicana de Gimnasia R\u00edtmica termina entre las mejores en el Mundial de Azerbaiy\u00e1n"},"content":{"rendered":"\n<blockquote class=\"wp-block-quote is-layout-flow wp-block-quote-is-layout-flow\">\n<p>La representaci\u00f3n mexicana cerr\u00f3 una importante prueba rumbo a Par\u00eds 2024.<\/p>\n<\/blockquote>\n\n\n\n<p>La Copa del Mundo de Gimnasia R\u00edtmica de Azerbaiy\u00e1n termin\u00f3 este domingo con una buena noticia para M\u00e9xico, al ver su representaci\u00f3n en el top diez mundial.<br><\/p>\n\n\n\n<p>Las gimnastas mexicanas, que siguen en su preparaci\u00f3n para llegar de la mejor forma a los Juegos Ol\u00edmpicos de Par\u00eds 2024, lograron estar en los mejores combinados en dos categor\u00edas.<br><\/p>\n\n\n\n<figure class=\"wp-block-image size-large\"><img fetchpriority=\"high\" decoding=\"async\" width=\"1024\" height=\"503\" src=\"https:\/\/elinformante.mx\/wp-content\/uploads\/2024\/04\/14MEXICANAS-1024x503.jpg\" alt=\"\" class=\"wp-image-52497\" srcset=\"https:\/\/elinformante.mx\/wp-content\/uploads\/2024\/04\/14MEXICANAS-1024x503.jpg 1024w, https:\/\/elinformante.mx\/wp-content\/uploads\/2024\/04\/14MEXICANAS-300x147.jpg 300w, https:\/\/elinformante.mx\/wp-content\/uploads\/2024\/04\/14MEXICANAS-768x377.jpg 768w, https:\/\/elinformante.mx\/wp-content\/uploads\/2024\/04\/14MEXICANAS-580x285.jpg 580w, https:\/\/elinformante.mx\/wp-content\/uploads\/2024\/04\/14MEXICANAS-860x422.jpg 860w, https:\/\/elinformante.mx\/wp-content\/uploads\/2024\/04\/14MEXICANAS.jpg 1140w\" sizes=\"(max-width: 1024px) 100vw, 1024px\" \/><\/figure>\n\n\n\n<p>El equipo conformado por Kimberly Salazar, Adirem Tejeda, Dalia Alcocer, Sof\u00eda Flores y Julia Guti\u00e9rrez, que tuvo una destaca participaci\u00f3n se qued\u00f3 con el octavo sitio en las pruebas de 5 aros y ejercicios mixtos con una puntuaci\u00f3n de 32.650 y 26.100, respectivamente.<br><\/p>\n\n\n\n<p>Un resultado que sumado a su segundo lugar en el Grand Prix de Francia, se convirti\u00f3 en una buena prueba para las comandadas por Blajaith Aguilar.<br><\/p>\n\n\n\n<p>Ahora, el equipo nacional volver\u00e1 a M\u00e9xico para seguir su preparaci\u00f3n y con ello buscar seguir haciendo historia en el deporte mundial.<\/p>\n","protected":false},"excerpt":{"rendered":"<p>La representaci\u00f3n mexicana cerr\u00f3 una importante prueba rumbo a Par\u00eds 2024. La Copa del Mundo de Gimnasia R\u00edtmica de Azerbaiy\u00e1n termin\u00f3 este domingo con una buena noticia para M\u00e9xico, al ver su representaci\u00f3n en el top diez mundial. Las gimnastas mexicanas, que siguen en su preparaci\u00f3n para llegar de la mejor forma a los Juegos [&hellip;]<\/p>\n","protected":false},"author":1,"featured_media":52496,"comment_status":"closed","ping_status":"closed","sticky":false,"template":"","format":"standard","meta":{"footnotes":""},"categories":[38,30],"tags":[],"class_list":["post-52495","post","type-post","status-publish","format-standard","has-post-thumbnail","hentry","category-deportes","category-destacado"],"_links":{"self":[{"href":"https:\/\/elinformante.mx\/index.php?rest_route=\/wp\/v2\/posts\/52495","targetHints":{"allow":["GET"]}}],"collection":[{"href":"https:\/\/elinformante.mx\/index.php?rest_route=\/wp\/v2\/posts"}],"about":[{"href":"https:\/\/elinformante.mx\/index.php?rest_route=\/wp\/v2\/types\/post"}],"author":[{"embeddable":true,"href":"https:\/\/elinformante.mx\/index.php?rest_route=\/wp\/v2\/users\/1"}],"replies":[{"embeddable":true,"href":"https:\/\/elinformante.mx\/index.php?rest_route=%2Fwp%2Fv2%2Fcomments&post=52495"}],"version-history":[{"count":0,"href":"https:\/\/elinformante.mx\/index.php?rest_route=\/wp\/v2\/posts\/52495\/revisions"}],"wp:featuredmedia":[{"embeddable":true,"href":"https:\/\/elinformante.mx\/index.php?rest_route=\/wp\/v2\/media\/52496"}],"wp:attachment":[{"href":"https:\/\/elinformante.mx\/index.php?rest_route=%2Fwp%2Fv2%2Fmedia&parent=52495"}],"wp:term":[{"taxonomy":"category","embeddable":true,"href":"https:\/\/elinformante.mx\/index.php?rest_route=%2Fwp%2Fv2%2Fcategories&post=52495"},{"taxonomy":"post_tag","embeddable":true,"href":"https:\/\/elinformante.mx\/index.php?rest_route=%2Fwp%2Fv2%2Ftags&post=52495"}],"curies":[{"name":"wp","href":"https:\/\/api.w.org\/{rel}","templated":true}]}}