{"id":52502,"date":"2024-04-23T06:53:54","date_gmt":"2024-04-23T12:53:54","guid":{"rendered":"https:\/\/elinformante.mx\/?p=52502"},"modified":"2024-04-23T06:53:55","modified_gmt":"2024-04-23T12:53:55","slug":"detienen-en-san-luis-potosi-a-posible-implicada-en-homicidio-en-ecatepec","status":"publish","type":"post","link":"https:\/\/elinformante.mx\/?p=52502","title":{"rendered":"Detienen en San Luis Potos\u00ed a posible implicada en homicidio en Ecatepec"},"content":{"rendered":"\n<blockquote class=\"wp-block-quote is-layout-flow wp-block-quote-is-layout-flow\">\n<p>El 2 de agosto de 2023 la detenida y dos individuos m\u00e1s habr\u00edan causado la muerte a un masculino por disparo de arma de fuego.<\/p>\n<\/blockquote>\n\n\n\n<p>La Fiscal\u00eda General de Justicia del Estado de M\u00e9xico (FGJEM), en conjunto con la Secretar\u00eda de Seguridad y Protecci\u00f3n Ciudadana federal (SSPC), a trav\u00e9s de la Coordinaci\u00f3n Nacional Antisecuestro (CONASE) y la Fiscal\u00eda General de San Luis Potos\u00ed, detuvieron en esa entidad a Alejandra \u201cN\u201d, se\u00f1alada como probable implicada en el delito de homicidio calificado registrado en el municipio mexiquense de Ecatepec.<br><\/p>\n\n\n\n<p>De acuerdo con diligencias de la Fiscal\u00eda Edom\u00e9x se determin\u00f3 que esta persona podr\u00eda encontrarse oculta en el estado de San Luis Potos\u00ed para evadirse de la acci\u00f3n de la justicia, por ello fue solicitada colaboraci\u00f3n de la Fiscal\u00eda General de ese estado, para incursionar en su territorio y capturarla.<br><\/p>\n\n\n\n<p>Una vez capturada en el municipio de Soledad de Graciano S\u00e1nchez, fue trasladada al Estado de M\u00e9xico para ser ingresada al Centro Penitenciario y de Reinserci\u00f3n Social de Ecatepec, a disposici\u00f3n de la Autoridad Judicial, quien determinar\u00e1 su situaci\u00f3n legal.<br><\/p>\n\n\n\n<p>Alejandra \u201cN\u201d es investigada por hechos perpetrados el 2 de agosto de 2023, en la colonia Tierra Blanca, en el municipio de Ecatepec, donde en complicidad con dos personas m\u00e1s habr\u00eda privado de la vida a un masculino por disparo de arma de fuego.<br><\/p>\n\n\n\n<p>Ese d\u00eda, la v\u00edctima sal\u00eda de su domicilio cuando fue interceptada por los tres probables implicados, quienes tripulaban un veh\u00edculo compacto; de esta unidad automotora descendi\u00f3 Alejandra \u201cN\u201d y sus c\u00f3mplices, mismos que en un primer momento la habr\u00edan agredido verbalmente.<br><\/p>\n\n\n\n<p>La ahora detenida sac\u00f3 un arma de fuego que llevaba entre sus ropas y la entreg\u00f3 a otro de los posibles implicados, quien la habr\u00eda detonado contra la v\u00edctima, ocasion\u00e1ndole la muerte y huyeron.<\/p>\n","protected":false},"excerpt":{"rendered":"<p>El 2 de agosto de 2023 la detenida y dos individuos m\u00e1s habr\u00edan causado la muerte a un masculino por disparo de arma de fuego. La Fiscal\u00eda General de Justicia del Estado de M\u00e9xico (FGJEM), en conjunto con la Secretar\u00eda de Seguridad y Protecci\u00f3n Ciudadana federal (SSPC), a trav\u00e9s de la Coordinaci\u00f3n Nacional Antisecuestro (CONASE) [&hellip;]<\/p>\n","protected":false},"author":1,"featured_media":52504,"comment_status":"closed","ping_status":"closed","sticky":false,"template":"","format":"standard","meta":{"footnotes":""},"categories":[36,37],"tags":[],"class_list":["post-52502","post","type-post","status-publish","format-standard","has-post-thumbnail","hentry","category-edomex","category-justicia"],"_links":{"self":[{"href":"https:\/\/elinformante.mx\/index.php?rest_route=\/wp\/v2\/posts\/52502","targetHints":{"allow":["GET"]}}],"collection":[{"href":"https:\/\/elinformante.mx\/index.php?rest_route=\/wp\/v2\/posts"}],"about":[{"href":"https:\/\/elinformante.mx\/index.php?rest_route=\/wp\/v2\/types\/post"}],"author":[{"embeddable":true,"href":"https:\/\/elinformante.mx\/index.php?rest_route=\/wp\/v2\/users\/1"}],"replies":[{"embeddable":true,"href":"https:\/\/elinformante.mx\/index.php?rest_route=%2Fwp%2Fv2%2Fcomments&post=52502"}],"version-history":[{"count":0,"href":"https:\/\/elinformante.mx\/index.php?rest_route=\/wp\/v2\/posts\/52502\/revisions"}],"wp:featuredmedia":[{"embeddable":true,"href":"https:\/\/elinformante.mx\/index.php?rest_route=\/wp\/v2\/media\/52504"}],"wp:attachment":[{"href":"https:\/\/elinformante.mx\/index.php?rest_route=%2Fwp%2Fv2%2Fmedia&parent=52502"}],"wp:term":[{"taxonomy":"category","embeddable":true,"href":"https:\/\/elinformante.mx\/index.php?rest_route=%2Fwp%2Fv2%2Fcategories&post=52502"},{"taxonomy":"post_tag","embeddable":true,"href":"https:\/\/elinformante.mx\/index.php?rest_route=%2Fwp%2Fv2%2Ftags&post=52502"}],"curies":[{"name":"wp","href":"https:\/\/api.w.org\/{rel}","templated":true}]}}