{"id":52509,"date":"2024-04-23T07:02:37","date_gmt":"2024-04-23T13:02:37","guid":{"rendered":"https:\/\/elinformante.mx\/?p=52509"},"modified":"2024-04-23T07:02:38","modified_gmt":"2024-04-23T13:02:38","slug":"cisma-en-el-pt-del-estado-de-mexico-dirigencia-nacional-desconoce-la-estatal","status":"publish","type":"post","link":"https:\/\/elinformante.mx\/?p=52509","title":{"rendered":"Cisma en el PT del Estado de M\u00e9xico: dirigencia nacional desconoce la estatal"},"content":{"rendered":"\n<blockquote class=\"wp-block-quote is-layout-flow wp-block-quote-is-layout-flow\">\n<p>Dejan sin facultad a la dirigencia mexiquense para hacer ajustes, cambios y\/o relevos en los listados de candidatos.<\/p>\n<\/blockquote>\n\n\n\n<p>En el Partido del Trabajo la lucha interna por el poder est\u00e1 a todo lo que da y, por esa raz\u00f3n, la dirigencia nacional desconoci\u00f3 a las autoridades estatales ante el Instituto Electoral y envi\u00f3 un escrito en el que faculta y nombra \u00fanicamente al comisionado pol\u00edtico nacional de Asuntos Electorales, Reginaldo Sandoval Flores, como el \u00fanico con autoridad legal para realizar y firmar los registros, sustituciones y observaciones de todas las candidaturas del PT.<br><\/p>\n\n\n\n<p>El documento firmado fue por el dirigente nacional Alberto Anaya Guti\u00e9rrez y Mar\u00eda Guadalupe Rodr\u00edguez Mart\u00ednez y se entreg\u00f3 en las oficinas del Instituto Electoral del Estado de M\u00e9xico (IEEM).<br><\/p>\n\n\n\n<p>En el documento se indica que nadie m\u00e1s puede hacer movimientos.<br><\/p>\n\n\n\n<p>\u201cEs responsable para designar, acreditar y, o sustituir a las personas representantes del Partido de Trabajo ante los respectivos consejos distritales del Instituto Electoral, revocando cualquier otro nombramiento que se haya hecho con anterioridad y as\u00ed como los subsecuentes que no se manifiesten en los presentes t\u00e9rminos\u201d.<br><\/p>\n\n\n\n<p>El integrante de la Comisi\u00f3n Ejecutiva Estatal del PT, \u00d3scar Gonz\u00e1lez Y\u00e1\u00f1ez, dio a conocer que respetan las decisiones que toma el partido a nivel nacional \u201cpero eso no significa que las compartimos\u201d.<br><\/p>\n\n\n\n<p>Refiri\u00f3 que el problema se centra en cuatro municipios: Ecatepec, Metepec, Calimaya y Zinacantepec, donde no se han puesto de acuerdo para postular candidato<\/p>\n","protected":false},"excerpt":{"rendered":"<p>Dejan sin facultad a la dirigencia mexiquense para hacer ajustes, cambios y\/o relevos en los listados de candidatos. En el Partido del Trabajo la lucha interna por el poder est\u00e1 a todo lo que da y, por esa raz\u00f3n, la dirigencia nacional desconoci\u00f3 a las autoridades estatales ante el Instituto Electoral y envi\u00f3 un escrito [&hellip;]<\/p>\n","protected":false},"author":1,"featured_media":52510,"comment_status":"closed","ping_status":"closed","sticky":false,"template":"","format":"standard","meta":{"footnotes":""},"categories":[36],"tags":[],"class_list":["post-52509","post","type-post","status-publish","format-standard","has-post-thumbnail","hentry","category-edomex"],"_links":{"self":[{"href":"https:\/\/elinformante.mx\/index.php?rest_route=\/wp\/v2\/posts\/52509","targetHints":{"allow":["GET"]}}],"collection":[{"href":"https:\/\/elinformante.mx\/index.php?rest_route=\/wp\/v2\/posts"}],"about":[{"href":"https:\/\/elinformante.mx\/index.php?rest_route=\/wp\/v2\/types\/post"}],"author":[{"embeddable":true,"href":"https:\/\/elinformante.mx\/index.php?rest_route=\/wp\/v2\/users\/1"}],"replies":[{"embeddable":true,"href":"https:\/\/elinformante.mx\/index.php?rest_route=%2Fwp%2Fv2%2Fcomments&post=52509"}],"version-history":[{"count":0,"href":"https:\/\/elinformante.mx\/index.php?rest_route=\/wp\/v2\/posts\/52509\/revisions"}],"wp:featuredmedia":[{"embeddable":true,"href":"https:\/\/elinformante.mx\/index.php?rest_route=\/wp\/v2\/media\/52510"}],"wp:attachment":[{"href":"https:\/\/elinformante.mx\/index.php?rest_route=%2Fwp%2Fv2%2Fmedia&parent=52509"}],"wp:term":[{"taxonomy":"category","embeddable":true,"href":"https:\/\/elinformante.mx\/index.php?rest_route=%2Fwp%2Fv2%2Fcategories&post=52509"},{"taxonomy":"post_tag","embeddable":true,"href":"https:\/\/elinformante.mx\/index.php?rest_route=%2Fwp%2Fv2%2Ftags&post=52509"}],"curies":[{"name":"wp","href":"https:\/\/api.w.org\/{rel}","templated":true}]}}