{"id":52522,"date":"2024-04-23T07:20:35","date_gmt":"2024-04-23T13:20:35","guid":{"rendered":"https:\/\/elinformante.mx\/?p=52522"},"modified":"2024-04-23T07:20:36","modified_gmt":"2024-04-23T13:20:36","slug":"uaemex-impulsa-crecimiento-de-produccion-agricola-de-manera-sostenible","status":"publish","type":"post","link":"https:\/\/elinformante.mx\/?p=52522","title":{"rendered":"UAEM\u00e9x impulsa crecimiento de producci\u00f3n agr\u00edcola de manera sostenible"},"content":{"rendered":"\n<blockquote class=\"wp-block-quote is-layout-flow wp-block-quote-is-layout-flow\">\n<p>El rector de esta casa de estudios, Carlos Eduardo Barrera D\u00edaz, encabez\u00f3 la firma del convenio general de colaboraci\u00f3n con la asociaci\u00f3n civil Agr\u00edcola Nuevo Sendero ASPROS.<\/p>\n<\/blockquote>\n\n\n\n<p>La firma del convenio general de colaboraci\u00f3n de la Universidad Aut\u00f3noma del Estado de M\u00e9xico (UAEM\u00e9x) y la asociaci\u00f3n civil Agr\u00edcola Nuevo Sendero ASPROS augura una sinergia de mutuo beneficio en materia de investigaci\u00f3n, capacitaci\u00f3n y desarrollo, con la premisa de beneficiar a las familias de los campesinos mexicanos y fortalecer la autosuficiencia alimentaria en nuestro entorno, sostuvo el rector de esta casa de estudios, Carlos Eduardo Barrera D\u00edaz.<br><\/p>\n\n\n\n<p>Al encabezar, en el marco del D\u00eda Internacional de la Madre Tierra, la firma de dicho acuerdo con el presidente del consejo directivo de ASPROS, Manuel Villaverde Benedet, y el director general de ASPROS, Jos\u00e9 Manuel Villaverde Gonz\u00e1lez de Salceda, el rector manifest\u00f3 que el instrumento de colaboraci\u00f3n suscrito abre el camino para empezar una relaci\u00f3n colaborativa que habr\u00e1 de generar importantes alternativas de soluci\u00f3n para uno de los sectores prioritarios de este pa\u00eds.<br><\/p>\n\n\n\n<p>Iniciamos, dijo en la Sala \u201cBenito Ju\u00e1rez\u201d del Edificio de Rector\u00eda, \u201cuna nueva relaci\u00f3n con una sociedad productora agroindustrial 100 por ciento mexicana, con proyecci\u00f3n nacional, que ha cimentado su \u00e9xito invirtiendo en investigaci\u00f3n y tecnolog\u00eda para contar con plantas de ma\u00edz con alta resistencia a las enfermedades, al clima y que cuenten con las mejores condiciones para la alimentaci\u00f3n humana y animal de manera natural y que hoy suma una experiencia de cuarenta a\u00f1os en la producci\u00f3n de ma\u00edz grano\u201d.<br><\/p>\n\n\n\n<figure class=\"wp-block-image size-large\"><img fetchpriority=\"high\" decoding=\"async\" width=\"1024\" height=\"503\" src=\"https:\/\/elinformante.mx\/wp-content\/uploads\/2024\/04\/11.2UAEM-7-1024x503.jpg\" alt=\"\" class=\"wp-image-52524\" srcset=\"https:\/\/elinformante.mx\/wp-content\/uploads\/2024\/04\/11.2UAEM-7-1024x503.jpg 1024w, https:\/\/elinformante.mx\/wp-content\/uploads\/2024\/04\/11.2UAEM-7-300x147.jpg 300w, https:\/\/elinformante.mx\/wp-content\/uploads\/2024\/04\/11.2UAEM-7-768x377.jpg 768w, https:\/\/elinformante.mx\/wp-content\/uploads\/2024\/04\/11.2UAEM-7-580x285.jpg 580w, https:\/\/elinformante.mx\/wp-content\/uploads\/2024\/04\/11.2UAEM-7-860x422.jpg 860w, https:\/\/elinformante.mx\/wp-content\/uploads\/2024\/04\/11.2UAEM-7.jpg 1140w\" sizes=\"(max-width: 1024px) 100vw, 1024px\" \/><\/figure>\n\n\n\n<p>Ante estudiantes de la Facultad de Ciencias Agr\u00edcolas, se\u00f1al\u00f3 que la empresa ASPROS provee servicios con una perspectiva sostenible, que incorporan el uso intensivo de nuevas tecnolog\u00edas, como la fumigaci\u00f3n de parcelas mediante drones, lo cual permite reducir los tiempos y ahorrar agua. Sus desarrollos cient\u00edficos han permitido acelerar el proceso de innovaci\u00f3n en la generaci\u00f3n de granos h\u00edbridos y garantizar la identidad gen\u00e9tica de sus productos.<br><\/p>\n\n\n\n<p>En tanto, abund\u00f3, la UAEM\u00e9x cuenta con las ingenier\u00edas en Agr\u00f3nomo Industrial, Agr\u00f3nomo en Floricultura y Agr\u00f3nomo Fitotecnista, as\u00ed como programas de estudios avanzados como el Diplomado Superior en Agricultura de Precisi\u00f3n, la Especialidad en Floricultura y la Maestr\u00eda y el Doctorado en Ciencias Agropecuarias y Recursos Naturales.<br><\/p>\n\n\n\n<p>Adem\u00e1s, puntualiz\u00f3, contamos con una plataforma de transferencia de tecnolog\u00eda impulsada por la Facultad de Ciencias Agr\u00edcolas y empresas del sector agr\u00edcola, cuyo objetivo se centra en el uso de nuevas tecnolog\u00edas enfocadas a eficientar, optimizar e incrementar la producci\u00f3n agr\u00edcola de manera sostenible.<br><\/p>\n\n\n\n<figure class=\"wp-block-image size-large\"><img decoding=\"async\" width=\"1024\" height=\"503\" src=\"https:\/\/elinformante.mx\/wp-content\/uploads\/2024\/04\/11.3REPTIL-1-1024x503.jpg\" alt=\"\" class=\"wp-image-52525\" srcset=\"https:\/\/elinformante.mx\/wp-content\/uploads\/2024\/04\/11.3REPTIL-1-1024x503.jpg 1024w, https:\/\/elinformante.mx\/wp-content\/uploads\/2024\/04\/11.3REPTIL-1-300x147.jpg 300w, https:\/\/elinformante.mx\/wp-content\/uploads\/2024\/04\/11.3REPTIL-1-768x377.jpg 768w, https:\/\/elinformante.mx\/wp-content\/uploads\/2024\/04\/11.3REPTIL-1-580x285.jpg 580w, https:\/\/elinformante.mx\/wp-content\/uploads\/2024\/04\/11.3REPTIL-1-860x422.jpg 860w, https:\/\/elinformante.mx\/wp-content\/uploads\/2024\/04\/11.3REPTIL-1.jpg 1140w\" sizes=\"(max-width: 1024px) 100vw, 1024px\" \/><\/figure>\n\n\n\n<p>En tanto, Jos\u00e9 Manuel Villaverde indic\u00f3 que este convenio permitir\u00e1 trabajar fuertemente en dos temas de sustentabilidad de la Agenda 2030 considerados como prioritarios por la Organizaci\u00f3n para la Alimentaci\u00f3n y la Agricultura (FAO): la recuperaci\u00f3n y conservaci\u00f3n de los suelos agr\u00edcolas y la infiltraci\u00f3n del agua a mantos fre\u00e1ticos y su uso racional y eficiente.<br><\/p>\n\n\n\n<p>Por ello, dijo, trabajaremos en equipo para desarrollar, validar y transferir a los agricultores y estudiantes las metodolog\u00edas y t\u00e9cnicas para la conservaci\u00f3n de los suelos y el uso eficiente del agua.<br><\/p>\n\n\n\n<p>Este es un ejemplo m\u00e1s del compromiso de la UAEM\u00e9x, a trav\u00e9s de la Facultad de Ciencias Agr\u00edcolas, con el desarrollo sostenible de los agricultores y el Estado de M\u00e9xico, concluy\u00f3.<\/p>\n","protected":false},"excerpt":{"rendered":"<p>El rector de esta casa de estudios, Carlos Eduardo Barrera D\u00edaz, encabez\u00f3 la firma del convenio general de colaboraci\u00f3n con la asociaci\u00f3n civil Agr\u00edcola Nuevo Sendero ASPROS. La firma del convenio general de colaboraci\u00f3n de la Universidad Aut\u00f3noma del Estado de M\u00e9xico (UAEM\u00e9x) y la asociaci\u00f3n civil Agr\u00edcola Nuevo Sendero ASPROS augura una sinergia de [&hellip;]<\/p>\n","protected":false},"author":1,"featured_media":52523,"comment_status":"closed","ping_status":"closed","sticky":false,"template":"","format":"standard","meta":{"footnotes":""},"categories":[30,36],"tags":[],"class_list":["post-52522","post","type-post","status-publish","format-standard","has-post-thumbnail","hentry","category-destacado","category-edomex"],"_links":{"self":[{"href":"https:\/\/elinformante.mx\/index.php?rest_route=\/wp\/v2\/posts\/52522","targetHints":{"allow":["GET"]}}],"collection":[{"href":"https:\/\/elinformante.mx\/index.php?rest_route=\/wp\/v2\/posts"}],"about":[{"href":"https:\/\/elinformante.mx\/index.php?rest_route=\/wp\/v2\/types\/post"}],"author":[{"embeddable":true,"href":"https:\/\/elinformante.mx\/index.php?rest_route=\/wp\/v2\/users\/1"}],"replies":[{"embeddable":true,"href":"https:\/\/elinformante.mx\/index.php?rest_route=%2Fwp%2Fv2%2Fcomments&post=52522"}],"version-history":[{"count":0,"href":"https:\/\/elinformante.mx\/index.php?rest_route=\/wp\/v2\/posts\/52522\/revisions"}],"wp:featuredmedia":[{"embeddable":true,"href":"https:\/\/elinformante.mx\/index.php?rest_route=\/wp\/v2\/media\/52523"}],"wp:attachment":[{"href":"https:\/\/elinformante.mx\/index.php?rest_route=%2Fwp%2Fv2%2Fmedia&parent=52522"}],"wp:term":[{"taxonomy":"category","embeddable":true,"href":"https:\/\/elinformante.mx\/index.php?rest_route=%2Fwp%2Fv2%2Fcategories&post=52522"},{"taxonomy":"post_tag","embeddable":true,"href":"https:\/\/elinformante.mx\/index.php?rest_route=%2Fwp%2Fv2%2Ftags&post=52522"}],"curies":[{"name":"wp","href":"https:\/\/api.w.org\/{rel}","templated":true}]}}