{"id":52535,"date":"2024-04-23T07:34:27","date_gmt":"2024-04-23T13:34:27","guid":{"rendered":"https:\/\/elinformante.mx\/?p=52535"},"modified":"2024-04-23T07:34:28","modified_gmt":"2024-04-23T13:34:28","slug":"reportan-a-la-gobernadora-que-han-bajado-homicidios-dolosos-en-edomex","status":"publish","type":"post","link":"https:\/\/elinformante.mx\/?p=52535","title":{"rendered":"Reportan a la gobernadora que han bajado homicidios dolosos en Edom\u00e9x"},"content":{"rendered":"\n<blockquote class=\"wp-block-quote is-layout-flow wp-block-quote-is-layout-flow\">\n<p>La FGJEM se\u00f1ala que el viernes pasado no se registraron eventos o victimas por este delito en la entidad.<\/p>\n<\/blockquote>\n\n\n\n<p>En la Mesa de Coordinaci\u00f3n para la Construcci\u00f3n de la Paz encabezada por la Gobernadora Delfina G\u00f3mez \u00c1lvarez, la Fiscal\u00eda General de Justicia del Estado de M\u00e9xico (FGJEM), dio a conocer que el mes de abril, ha registrado una disminuci\u00f3n en la comisi\u00f3n del delito de homicidio doloso, tan solo el viernes pasado, no se registraron eventos o victimas por este delito en la entidad.<br><\/p>\n\n\n\n<figure class=\"wp-block-image size-large\"><img fetchpriority=\"high\" decoding=\"async\" width=\"1024\" height=\"503\" src=\"https:\/\/elinformante.mx\/wp-content\/uploads\/2024\/04\/8DELFINA-1024x503.jpg\" alt=\"\" class=\"wp-image-52537\" srcset=\"https:\/\/elinformante.mx\/wp-content\/uploads\/2024\/04\/8DELFINA-1024x503.jpg 1024w, https:\/\/elinformante.mx\/wp-content\/uploads\/2024\/04\/8DELFINA-300x147.jpg 300w, https:\/\/elinformante.mx\/wp-content\/uploads\/2024\/04\/8DELFINA-768x377.jpg 768w, https:\/\/elinformante.mx\/wp-content\/uploads\/2024\/04\/8DELFINA-580x285.jpg 580w, https:\/\/elinformante.mx\/wp-content\/uploads\/2024\/04\/8DELFINA-860x422.jpg 860w, https:\/\/elinformante.mx\/wp-content\/uploads\/2024\/04\/8DELFINA.jpg 1140w\" sizes=\"(max-width: 1024px) 100vw, 1024px\" \/><\/figure>\n\n\n\n<p>En la reuni\u00f3n n\u00famero 75, estuvieron Horacio Duarte Olivares, Secretario General de Gobierno del Estado de M\u00e9xico; Andr\u00e9s Andrade T\u00e9llez, Secretario de Seguridad de la entidad; y Jos\u00e9 Luis Cervantes Mart\u00ednez, Fiscal General de Justicia del Estado de M\u00e9xico.<br><\/p>\n\n\n\n<p>As\u00ed como representantes de las Secretar\u00edas de la Defensa Nacional (Sedena) y de Marina (Semar); as\u00ed como de la Guardia Nacional (GN), del Centro Nacional de Inteligencia; Protecci\u00f3n Civil estatal; y Comisi\u00f3n de Derechos Humanos del Estado de M\u00e9xico (Codhem).<\/p>\n","protected":false},"excerpt":{"rendered":"<p>La FGJEM se\u00f1ala que el viernes pasado no se registraron eventos o victimas por este delito en la entidad. En la Mesa de Coordinaci\u00f3n para la Construcci\u00f3n de la Paz encabezada por la Gobernadora Delfina G\u00f3mez \u00c1lvarez, la Fiscal\u00eda General de Justicia del Estado de M\u00e9xico (FGJEM), dio a conocer que el mes de abril, [&hellip;]<\/p>\n","protected":false},"author":1,"featured_media":52536,"comment_status":"closed","ping_status":"closed","sticky":false,"template":"","format":"standard","meta":{"footnotes":""},"categories":[30,36,31],"tags":[],"class_list":["post-52535","post","type-post","status-publish","format-standard","has-post-thumbnail","hentry","category-destacado","category-edomex","category-portada"],"_links":{"self":[{"href":"https:\/\/elinformante.mx\/index.php?rest_route=\/wp\/v2\/posts\/52535","targetHints":{"allow":["GET"]}}],"collection":[{"href":"https:\/\/elinformante.mx\/index.php?rest_route=\/wp\/v2\/posts"}],"about":[{"href":"https:\/\/elinformante.mx\/index.php?rest_route=\/wp\/v2\/types\/post"}],"author":[{"embeddable":true,"href":"https:\/\/elinformante.mx\/index.php?rest_route=\/wp\/v2\/users\/1"}],"replies":[{"embeddable":true,"href":"https:\/\/elinformante.mx\/index.php?rest_route=%2Fwp%2Fv2%2Fcomments&post=52535"}],"version-history":[{"count":0,"href":"https:\/\/elinformante.mx\/index.php?rest_route=\/wp\/v2\/posts\/52535\/revisions"}],"wp:featuredmedia":[{"embeddable":true,"href":"https:\/\/elinformante.mx\/index.php?rest_route=\/wp\/v2\/media\/52536"}],"wp:attachment":[{"href":"https:\/\/elinformante.mx\/index.php?rest_route=%2Fwp%2Fv2%2Fmedia&parent=52535"}],"wp:term":[{"taxonomy":"category","embeddable":true,"href":"https:\/\/elinformante.mx\/index.php?rest_route=%2Fwp%2Fv2%2Fcategories&post=52535"},{"taxonomy":"post_tag","embeddable":true,"href":"https:\/\/elinformante.mx\/index.php?rest_route=%2Fwp%2Fv2%2Ftags&post=52535"}],"curies":[{"name":"wp","href":"https:\/\/api.w.org\/{rel}","templated":true}]}}