{"id":52549,"date":"2024-04-23T07:44:01","date_gmt":"2024-04-23T13:44:01","guid":{"rendered":"https:\/\/elinformante.mx\/?p=52549"},"modified":"2024-04-23T07:44:02","modified_gmt":"2024-04-23T13:44:02","slug":"ahora-habla-batres-de-sabotaje-por-agua-contaminada-en-la-bj","status":"publish","type":"post","link":"https:\/\/elinformante.mx\/?p=52549","title":{"rendered":"Ahora habla Batres de sabotaje por agua contaminada en la BJ"},"content":{"rendered":"\n<blockquote class=\"wp-block-quote is-layout-flow wp-block-quote-is-layout-flow\">\n<p>El jefe de Gobierno de la Ciudad de M\u00e9xico afirm\u00f3 que en las investigaciones se indagar\u00e1n sobre varias opciones en el siniestro.<\/p>\n<\/blockquote>\n\n\n\n<p>El jefe de Gobierno de la Ciudad de M\u00e9xico, Mart\u00ed Batres Guadarrama, mencion\u00f3 que no se descarta ninguna hip\u00f3tesis en el tema de la contaminaci\u00f3n del agua en el pozo de Alfonso XIII.<br><\/p>\n\n\n\n<p>\u201cNo se descarta ninguna hip\u00f3tesis, est\u00e1n abiertas todas las hip\u00f3tesis, y la investigaci\u00f3n la har\u00e1 la Fiscal\u00eda\u201d, respondi\u00f3 el mandatario, al preguntarle qu\u00e9 evidencias tienen para investigar un posible sabotaje.<br><\/p>\n\n\n\n<p>En la conferencia de prensa, el mandatario record\u00f3 que el Sistema de Aguas de la Ciudad de M\u00e9xico pidi\u00f3 que se hiciera investigaci\u00f3n y la Fiscal\u00eda General de Justicia abri\u00f3 la carpeta para iniciar la investigaci\u00f3n.<br><\/p>\n\n\n\n<p>Al preguntarle si ya saben qu\u00e9 sustancia en espec\u00edfico fue la que contamin\u00f3 el agua, el mandatario respondi\u00f3 que se van a seguir desarrollando las investigaciones de Pemex y en cuanto haya nuevos elementos los dar\u00e1n a conocer.<br><\/p>\n\n\n\n<p>\u201cYa ven que Pemex habl\u00f3 de una mezcla de diversos elementos no de uno, sino de una mezcla de diversos compuestos, pero habiendo m\u00e1s informaci\u00f3n se dar\u00e1 a conocer.<br><\/p>\n\n\n\n<figure class=\"wp-block-image size-large\"><img fetchpriority=\"high\" decoding=\"async\" width=\"1024\" height=\"503\" src=\"https:\/\/elinformante.mx\/wp-content\/uploads\/2024\/04\/5BATRES-2-9-1024x503.jpg\" alt=\"\" class=\"wp-image-52551\" srcset=\"https:\/\/elinformante.mx\/wp-content\/uploads\/2024\/04\/5BATRES-2-9-1024x503.jpg 1024w, https:\/\/elinformante.mx\/wp-content\/uploads\/2024\/04\/5BATRES-2-9-300x147.jpg 300w, https:\/\/elinformante.mx\/wp-content\/uploads\/2024\/04\/5BATRES-2-9-768x377.jpg 768w, https:\/\/elinformante.mx\/wp-content\/uploads\/2024\/04\/5BATRES-2-9-580x285.jpg 580w, https:\/\/elinformante.mx\/wp-content\/uploads\/2024\/04\/5BATRES-2-9-860x422.jpg 860w, https:\/\/elinformante.mx\/wp-content\/uploads\/2024\/04\/5BATRES-2-9.jpg 1140w\" sizes=\"(max-width: 1024px) 100vw, 1024px\" \/><\/figure>\n\n\n\n<p>Batres Guadarrama mencion\u00f3 que lo m\u00e1s importante es que el agua de los 13 pozos a excepci\u00f3n de Alfonso XIII est\u00e1 saliendo limpia, sin olor, con los par\u00e1metros normales, de acuerdo a lo que les ha dado conocer el Sistema de Aguas de la Ciudad de M\u00e9xico.<br><\/p>\n\n\n\n<p>\u201cEllos est\u00e1n haciendo pruebas diarias en los 13 pozos y hay ocho puntos de monitoreo en la red primaria. Ah\u00ed en la zona hay 13 Pozos si consideramos los que est\u00e1n en Benito Ju\u00e1rez m\u00e1s los que est\u00e1n en \u00c1lvaro Obreg\u00f3n que son fronterizos con Benito Ju\u00e1rez y hay ocho puntos de monitoreo en la red primaria en la zona norponiente\u201d.<br><\/p>\n\n\n\n<p>Adem\u00e1s mencion\u00f3 que se llevan a cabo pruebas de agua en esa zona y que el agua que sale de los 13 Pozos no tiene ning\u00fan tipo de afectaci\u00f3n.<br><\/p>\n\n\n\n<p>\u201cLa forma de verificarlo es en los Pozos mismos y en la red, la tarea ahora es limpiar las cisternas porque evidentemente pues en el tramo final de lo que ocurri\u00f3 pues queda algo en las tuber\u00edas que llegan a las casas entonces hay que limpiar las cisternas y que ya llegue el agua que est\u00e1 saliendo bien de los Pozos y de la red primaria\u201d.<br><\/p>\n\n\n\n<p>Sobre qui\u00e9n contamin\u00f3 el agua, el mandatario coment\u00f3 que la Fiscal\u00eda General de Justicia tiene una carpeta abierta, adem\u00e1s de las investigaciones que realiza SACMEX y PEMEX.<\/p>\n","protected":false},"excerpt":{"rendered":"<p>El jefe de Gobierno de la Ciudad de M\u00e9xico afirm\u00f3 que en las investigaciones se indagar\u00e1n sobre varias opciones en el siniestro. El jefe de Gobierno de la Ciudad de M\u00e9xico, Mart\u00ed Batres Guadarrama, mencion\u00f3 que no se descarta ninguna hip\u00f3tesis en el tema de la contaminaci\u00f3n del agua en el pozo de Alfonso XIII. [&hellip;]<\/p>\n","protected":false},"author":1,"featured_media":52550,"comment_status":"closed","ping_status":"closed","sticky":false,"template":"","format":"standard","meta":{"footnotes":""},"categories":[35,30],"tags":[],"class_list":["post-52549","post","type-post","status-publish","format-standard","has-post-thumbnail","hentry","category-cdmx","category-destacado"],"_links":{"self":[{"href":"https:\/\/elinformante.mx\/index.php?rest_route=\/wp\/v2\/posts\/52549","targetHints":{"allow":["GET"]}}],"collection":[{"href":"https:\/\/elinformante.mx\/index.php?rest_route=\/wp\/v2\/posts"}],"about":[{"href":"https:\/\/elinformante.mx\/index.php?rest_route=\/wp\/v2\/types\/post"}],"author":[{"embeddable":true,"href":"https:\/\/elinformante.mx\/index.php?rest_route=\/wp\/v2\/users\/1"}],"replies":[{"embeddable":true,"href":"https:\/\/elinformante.mx\/index.php?rest_route=%2Fwp%2Fv2%2Fcomments&post=52549"}],"version-history":[{"count":0,"href":"https:\/\/elinformante.mx\/index.php?rest_route=\/wp\/v2\/posts\/52549\/revisions"}],"wp:featuredmedia":[{"embeddable":true,"href":"https:\/\/elinformante.mx\/index.php?rest_route=\/wp\/v2\/media\/52550"}],"wp:attachment":[{"href":"https:\/\/elinformante.mx\/index.php?rest_route=%2Fwp%2Fv2%2Fmedia&parent=52549"}],"wp:term":[{"taxonomy":"category","embeddable":true,"href":"https:\/\/elinformante.mx\/index.php?rest_route=%2Fwp%2Fv2%2Fcategories&post=52549"},{"taxonomy":"post_tag","embeddable":true,"href":"https:\/\/elinformante.mx\/index.php?rest_route=%2Fwp%2Fv2%2Ftags&post=52549"}],"curies":[{"name":"wp","href":"https:\/\/api.w.org\/{rel}","templated":true}]}}