{"id":52553,"date":"2024-04-23T07:45:36","date_gmt":"2024-04-23T13:45:36","guid":{"rendered":"https:\/\/elinformante.mx\/?p=52553"},"modified":"2024-04-23T07:45:38","modified_gmt":"2024-04-23T13:45:38","slug":"amlo-acusa-burocratismo-del-ine-por-poco-avance-en-voto-de-mexicanos-en-el-extranjero","status":"publish","type":"post","link":"https:\/\/elinformante.mx\/?p=52553","title":{"rendered":"AMLO acusa \u201cburocratismo\u201d del INE por poco avance en voto de mexicanos en el extranjero"},"content":{"rendered":"\n<blockquote class=\"wp-block-quote is-layout-flow wp-block-quote-is-layout-flow\">\n<p>\u201cSon millones los mexicanos, los que viven y trabajan en Estados Unidos, y los que tienen oportunidad de votar son muy pocos\u201d, expres\u00f3 L\u00f3pez Obrador.<\/p>\n<\/blockquote>\n\n\n\n<p>El presidente Andr\u00e9s Manuel L\u00f3pez Obrador critic\u00f3 \u2013 de nueva cuenta &#8211; al Instituto Nacional Electoral (INE) por lo que llam\u00f3 \u201cel burocratismo y el poco avance en el voto de los mexicanos en el exterior\u201d.<br><\/p>\n\n\n\n<p>\u201cVamos a informar a nuestros paisanos migrantes c\u00f3mo votar, los tr\u00e1mites que se han hecho en el INE para que tengan garantizado su derecho al voto.<br><\/p>\n\n\n\n<p>\u201cSe ha avanzado muy poco porque hay muchas trabas y mucho burocratismo, ahora lo vamos a ver\u201d, acus\u00f3 L\u00f3pez Obrador en su conferencia ma\u00f1anera de este lunes 22 de abril en Palacio Nacional.<br><\/p>\n\n\n\n<figure class=\"wp-block-image size-large\"><img fetchpriority=\"high\" decoding=\"async\" width=\"1024\" height=\"503\" src=\"https:\/\/elinformante.mx\/wp-content\/uploads\/2024\/04\/3.2AMLO-6-1024x503.jpg\" alt=\"\" class=\"wp-image-52555\" srcset=\"https:\/\/elinformante.mx\/wp-content\/uploads\/2024\/04\/3.2AMLO-6-1024x503.jpg 1024w, https:\/\/elinformante.mx\/wp-content\/uploads\/2024\/04\/3.2AMLO-6-300x147.jpg 300w, https:\/\/elinformante.mx\/wp-content\/uploads\/2024\/04\/3.2AMLO-6-768x377.jpg 768w, https:\/\/elinformante.mx\/wp-content\/uploads\/2024\/04\/3.2AMLO-6-580x285.jpg 580w, https:\/\/elinformante.mx\/wp-content\/uploads\/2024\/04\/3.2AMLO-6-860x422.jpg 860w, https:\/\/elinformante.mx\/wp-content\/uploads\/2024\/04\/3.2AMLO-6.jpg 1140w\" sizes=\"(max-width: 1024px) 100vw, 1024px\" \/><\/figure>\n\n\n\n<p>El Presidente dijo que la canciller Alicia B\u00e1rcena informar\u00eda sobre el apoyo del gobierno de M\u00e9xico para que los mexicanos en el exterior puedan votar este 2 de junio.<br><\/p>\n\n\n\n<p>\u201cSon millones los mexicanos, los que viven y trabajan en Estados Unidos, y los que tienen oportunidad de votar son muy pocos. Esto hay que irlo atendiendo hacia adelante. Si est\u00e1 avanzando en la elecci\u00f3n anterior a esta, pero muy poco adem\u00e1s, lo que avanza enfrenta obst\u00e1culos, tr\u00e1mites burocr\u00e1ticos\u201d.<br><\/p>\n\n\n\n<p>Aclar\u00f3 que el voto en el exterior no le corresponde a la Secretar\u00eda de Relaciones Exteriores ni a la embajada de M\u00e9xico en Estados Unidos o a los consulados, sino que esto es un asunto del INE.<br><\/p>\n\n\n\n<p>\u201cNosotros lo que estamos haciendo es ayudando, informando y facilitando las cosas porque le tenemos mucho afecto y reconocimiento a nuestros paisanos migrantes, que son h\u00e9roes, hero\u00ednas, y son muy mecanos y por eso los ayudamos mucho\u201d, dijo.<\/p>\n","protected":false},"excerpt":{"rendered":"<p>\u201cSon millones los mexicanos, los que viven y trabajan en Estados Unidos, y los que tienen oportunidad de votar son muy pocos\u201d, expres\u00f3 L\u00f3pez Obrador. El presidente Andr\u00e9s Manuel L\u00f3pez Obrador critic\u00f3 \u2013 de nueva cuenta &#8211; al Instituto Nacional Electoral (INE) por lo que llam\u00f3 \u201cel burocratismo y el poco avance en el voto [&hellip;]<\/p>\n","protected":false},"author":1,"featured_media":52554,"comment_status":"closed","ping_status":"closed","sticky":false,"template":"","format":"standard","meta":{"footnotes":""},"categories":[34],"tags":[],"class_list":["post-52553","post","type-post","status-publish","format-standard","has-post-thumbnail","hentry","category-nacional"],"_links":{"self":[{"href":"https:\/\/elinformante.mx\/index.php?rest_route=\/wp\/v2\/posts\/52553","targetHints":{"allow":["GET"]}}],"collection":[{"href":"https:\/\/elinformante.mx\/index.php?rest_route=\/wp\/v2\/posts"}],"about":[{"href":"https:\/\/elinformante.mx\/index.php?rest_route=\/wp\/v2\/types\/post"}],"author":[{"embeddable":true,"href":"https:\/\/elinformante.mx\/index.php?rest_route=\/wp\/v2\/users\/1"}],"replies":[{"embeddable":true,"href":"https:\/\/elinformante.mx\/index.php?rest_route=%2Fwp%2Fv2%2Fcomments&post=52553"}],"version-history":[{"count":0,"href":"https:\/\/elinformante.mx\/index.php?rest_route=\/wp\/v2\/posts\/52553\/revisions"}],"wp:featuredmedia":[{"embeddable":true,"href":"https:\/\/elinformante.mx\/index.php?rest_route=\/wp\/v2\/media\/52554"}],"wp:attachment":[{"href":"https:\/\/elinformante.mx\/index.php?rest_route=%2Fwp%2Fv2%2Fmedia&parent=52553"}],"wp:term":[{"taxonomy":"category","embeddable":true,"href":"https:\/\/elinformante.mx\/index.php?rest_route=%2Fwp%2Fv2%2Fcategories&post=52553"},{"taxonomy":"post_tag","embeddable":true,"href":"https:\/\/elinformante.mx\/index.php?rest_route=%2Fwp%2Fv2%2Ftags&post=52553"}],"curies":[{"name":"wp","href":"https:\/\/api.w.org\/{rel}","templated":true}]}}