{"id":52570,"date":"2024-04-23T08:01:49","date_gmt":"2024-04-23T14:01:49","guid":{"rendered":"https:\/\/elinformante.mx\/?p=52570"},"modified":"2024-04-23T08:01:55","modified_gmt":"2024-04-23T14:01:55","slug":"sheinbaum-dice-que-de-no-haber-sido-politica-y-cientifica-seria-maestra-de-jardin-de-ninos","status":"publish","type":"post","link":"https:\/\/elinformante.mx\/?p=52570","title":{"rendered":"Sheinbaum dice que de no haber sido pol\u00edtica y cient\u00edfica, ser\u00eda maestra de jard\u00edn de ni\u00f1os"},"content":{"rendered":"\n<blockquote class=\"wp-block-quote is-layout-flow wp-block-quote-is-layout-flow\">\n<p>La candidata morenista a la presidencia, Claudia Sheinbaum Pardo, firm\u00f3 el \u201cPacto por la Familia\u201d en el Papalote Museo del Ni\u00f1o.&nbsp;<\/p>\n<\/blockquote>\n\n\n\n<p>La candidata a la presidencia por la coalici\u00f3n \u201cSigamos Haciendo Historia\u201d, Claudia Sheinbaum, extern\u00f3 que de no haber sido pol\u00edtica y cient\u00edfica se hubiese dedicado a dar clases en el jard\u00edn de ni\u00f1os, pues resalt\u00f3 que siempre ha tenido una conexi\u00f3n muy especial con las ni\u00f1as y ni\u00f1os.<br><\/p>\n\n\n\n<p>Por ello, resalt\u00f3 que al llegar a la presidencia de la Rep\u00fablica proteger\u00e1 a las ni\u00f1as y ni\u00f1os, asimismo apoyar\u00e1 a las mujeres embarazadas y reforzar\u00e1 los servicios de salud.<br><\/p>\n\n\n\n<p>Ello al firmar el documento compromiso del Pacto por la Primera Infancia, el cual busca impulsar pol\u00edticas en favor de la ni\u00f1ez.<br><\/p>\n\n\n\n<figure class=\"wp-block-image size-large\"><img fetchpriority=\"high\" decoding=\"async\" width=\"1024\" height=\"503\" src=\"https:\/\/elinformante.mx\/wp-content\/uploads\/2024\/04\/10SHEINBAUM-2-9-1024x503.jpg\" alt=\"\" class=\"wp-image-52572\" srcset=\"https:\/\/elinformante.mx\/wp-content\/uploads\/2024\/04\/10SHEINBAUM-2-9-1024x503.jpg 1024w, https:\/\/elinformante.mx\/wp-content\/uploads\/2024\/04\/10SHEINBAUM-2-9-300x147.jpg 300w, https:\/\/elinformante.mx\/wp-content\/uploads\/2024\/04\/10SHEINBAUM-2-9-768x377.jpg 768w, https:\/\/elinformante.mx\/wp-content\/uploads\/2024\/04\/10SHEINBAUM-2-9-580x285.jpg 580w, https:\/\/elinformante.mx\/wp-content\/uploads\/2024\/04\/10SHEINBAUM-2-9-860x422.jpg 860w, https:\/\/elinformante.mx\/wp-content\/uploads\/2024\/04\/10SHEINBAUM-2-9.jpg 1140w\" sizes=\"(max-width: 1024px) 100vw, 1024px\" \/><\/figure>\n\n\n\n<p>En el evento realizado en el Papalote Museo del Ni\u00f1o en la Ciudad de M\u00e9xico, Sheinbaum enfatiz\u00f3 que los ni\u00f1os y las ni\u00f1as no son el futuro, sino el presente de M\u00e9xico, y que su bienestar desde la primera infancia es fundamental para el desarrollo del pa\u00eds.<br><\/p>\n\n\n\n<p>\u201cLos ni\u00f1os y las ni\u00f1as, particularmente desde la primera infancia no son el futuro de M\u00e9xico, son el presente, si nosotros no atendemos, protegemos, cuidamos, nutrimos, alimentamos, les damos la posibilidad de jugar y ser felices, despu\u00e9s no tendremos los ciudadanos que M\u00e9xico necesita\u201d, dijo.<br><\/p>\n\n\n\n<p>Asimismo el Pacto inspecciona garantizar el ejercicio pleno de los derechos desde los primeros a\u00f1os de la vida.<\/p>\n","protected":false},"excerpt":{"rendered":"<p>La candidata morenista a la presidencia, Claudia Sheinbaum Pardo, firm\u00f3 el \u201cPacto por la Familia\u201d en el Papalote Museo del Ni\u00f1o.&nbsp; La candidata a la presidencia por la coalici\u00f3n \u201cSigamos Haciendo Historia\u201d, Claudia Sheinbaum, extern\u00f3 que de no haber sido pol\u00edtica y cient\u00edfica se hubiese dedicado a dar clases en el jard\u00edn de ni\u00f1os, pues [&hellip;]<\/p>\n","protected":false},"author":1,"featured_media":52571,"comment_status":"closed","ping_status":"closed","sticky":false,"template":"","format":"standard","meta":{"footnotes":""},"categories":[34],"tags":[],"class_list":["post-52570","post","type-post","status-publish","format-standard","has-post-thumbnail","hentry","category-nacional"],"_links":{"self":[{"href":"https:\/\/elinformante.mx\/index.php?rest_route=\/wp\/v2\/posts\/52570","targetHints":{"allow":["GET"]}}],"collection":[{"href":"https:\/\/elinformante.mx\/index.php?rest_route=\/wp\/v2\/posts"}],"about":[{"href":"https:\/\/elinformante.mx\/index.php?rest_route=\/wp\/v2\/types\/post"}],"author":[{"embeddable":true,"href":"https:\/\/elinformante.mx\/index.php?rest_route=\/wp\/v2\/users\/1"}],"replies":[{"embeddable":true,"href":"https:\/\/elinformante.mx\/index.php?rest_route=%2Fwp%2Fv2%2Fcomments&post=52570"}],"version-history":[{"count":0,"href":"https:\/\/elinformante.mx\/index.php?rest_route=\/wp\/v2\/posts\/52570\/revisions"}],"wp:featuredmedia":[{"embeddable":true,"href":"https:\/\/elinformante.mx\/index.php?rest_route=\/wp\/v2\/media\/52571"}],"wp:attachment":[{"href":"https:\/\/elinformante.mx\/index.php?rest_route=%2Fwp%2Fv2%2Fmedia&parent=52570"}],"wp:term":[{"taxonomy":"category","embeddable":true,"href":"https:\/\/elinformante.mx\/index.php?rest_route=%2Fwp%2Fv2%2Fcategories&post=52570"},{"taxonomy":"post_tag","embeddable":true,"href":"https:\/\/elinformante.mx\/index.php?rest_route=%2Fwp%2Fv2%2Ftags&post=52570"}],"curies":[{"name":"wp","href":"https:\/\/api.w.org\/{rel}","templated":true}]}}