{"id":52574,"date":"2024-04-23T08:05:57","date_gmt":"2024-04-23T14:05:57","guid":{"rendered":"https:\/\/elinformante.mx\/?p=52574"},"modified":"2024-04-23T08:05:58","modified_gmt":"2024-04-23T14:05:58","slug":"xochitl-galvez-promete-terminar-con-la-pobreza-extrema-en-mexico","status":"publish","type":"post","link":"https:\/\/elinformante.mx\/?p=52574","title":{"rendered":"X\u00f3chitl G\u00e1lvez promete terminar con la pobreza extrema en M\u00e9xico"},"content":{"rendered":"\n<blockquote class=\"wp-block-quote is-layout-flow wp-block-quote-is-layout-flow\">\n<p>En el Papalote Museo del Ni\u00f1o, la abanderada presidencial del PAN, PRI y PRD firm\u00f3 el Pacto por la Primera Infancia.<\/p>\n<\/blockquote>\n\n\n\n<p>La candidata del PAN, PRI y PRD a la Presidencia de la Rep\u00fablica, X\u00f3chitl G\u00e1lvez, asumi\u00f3 frente a ni\u00f1os el compromiso de terminar con la pobreza extrema en M\u00e9xico.<br><\/p>\n\n\n\n<p>En el Papalote Museo del Ni\u00f1o, en Ciudad de M\u00e9xico, la hidalguense prometi\u00f3 que de ocupar el cargo \u201cvoy a cuidar a todos los ni\u00f1os\u2019\u2019 de M\u00e9xico\u2019\u2019; posteriormente firm\u00f3 el Pacto por la Primera Infancia Empieza por lo Primero.<br><\/p>\n\n\n\n<p>\u201cVamos a garantizar que en todos los pueblos del pa\u00eds tengan lo necesario. Que ya no haya violencia, que podamos salir a las calles en paz, salir a jugar con nuestros amigos, asegur\u00f3.<br><\/p>\n\n\n\n<p>Y lo primero que quiero es que los ni\u00f1os desde que nacen sean felices, est\u00e9n bien cuidados, sus mam\u00e1s no les falte nada, que puedan quedarse a cuidar a sus hijos, amamantarlos\u2019\u2019, dijo la abanderada del PAN, PRI y PRD,<br><\/p>\n\n\n\n<p>Convoc\u00f3 a luchar y trabajar \u201cpara que ning\u00fan ni\u00f1o sufra de violencia. Eso quiz\u00e1 no est\u00e1 en el Pacto, est\u00e1 m\u00e1s el tema de la alimentaci\u00f3n, el que tengan sus vacunas.<br><\/p>\n\n\n\n<figure class=\"wp-block-image size-large\"><img fetchpriority=\"high\" decoding=\"async\" width=\"1024\" height=\"503\" src=\"https:\/\/elinformante.mx\/wp-content\/uploads\/2024\/04\/10XOCHITL-15-1024x503.jpg\" alt=\"\" class=\"wp-image-52576\" srcset=\"https:\/\/elinformante.mx\/wp-content\/uploads\/2024\/04\/10XOCHITL-15-1024x503.jpg 1024w, https:\/\/elinformante.mx\/wp-content\/uploads\/2024\/04\/10XOCHITL-15-300x147.jpg 300w, https:\/\/elinformante.mx\/wp-content\/uploads\/2024\/04\/10XOCHITL-15-768x377.jpg 768w, https:\/\/elinformante.mx\/wp-content\/uploads\/2024\/04\/10XOCHITL-15-580x285.jpg 580w, https:\/\/elinformante.mx\/wp-content\/uploads\/2024\/04\/10XOCHITL-15-860x422.jpg 860w, https:\/\/elinformante.mx\/wp-content\/uploads\/2024\/04\/10XOCHITL-15.jpg 1140w\" sizes=\"(max-width: 1024px) 100vw, 1024px\" \/><\/figure>\n\n\n\n<p>\u201cPor supuesto que todos los ni\u00f1os van a tener sus vacunas, que las estancias infantiles van a ser para m\u00ed una prioridad\u2019\u2019.<br><\/p>\n\n\n\n<p>Despu\u00e9s reiter\u00f3 su propuesta de regresar \u201clas estancias infantiles\u2019\u2019, y recibi\u00f3 aplausos.<br><\/p>\n\n\n\n<p>\u201cSe dice f\u00e1cil, pero mi prioridad ser\u00e1n las personas, por eso la beca universal para ni\u00f1os y ni\u00f1as desde preescolar hasta la preparatoria\u2026\u2019\u2019, repiti\u00f3 como en cada acto de campa\u00f1a.<br><\/p>\n\n\n\n<p>Finalmente, asegur\u00f3 que en el pasado \u201cdesarroll\u00e9 una papilla con el Hospital Infantil Federico G\u00f3mez para que ning\u00fan ni\u00f1o en M\u00e9xico sufriera desnutrici\u00f3n\u2019\u2019.<br><\/p>\n\n\n\n<p>\u201cAs\u00ed que uno de mis nuevos programas sociales, que van a estar en la Constituci\u00f3n, tiene que ver con un programa alimentario. El derecho a alimentarte, a tener lo m\u00ednimo en tu vida.<br><\/p>\n\n\n\n<p>\u201cSabemos que el cerebro de un ni\u00f1o se desarrolla desde que est\u00e1 en el vientre materno y nace, por eso vamos a cuidar a las mujeres embarazadas. Mi abuela muri\u00f3 de parto y no quiero que ninguna mujer vuelva a morir de parto en este pa\u00eds\u2019\u2019.<\/p>\n","protected":false},"excerpt":{"rendered":"<p>En el Papalote Museo del Ni\u00f1o, la abanderada presidencial del PAN, PRI y PRD firm\u00f3 el Pacto por la Primera Infancia. La candidata del PAN, PRI y PRD a la Presidencia de la Rep\u00fablica, X\u00f3chitl G\u00e1lvez, asumi\u00f3 frente a ni\u00f1os el compromiso de terminar con la pobreza extrema en M\u00e9xico. En el Papalote Museo del [&hellip;]<\/p>\n","protected":false},"author":1,"featured_media":52575,"comment_status":"closed","ping_status":"closed","sticky":false,"template":"","format":"standard","meta":{"footnotes":""},"categories":[30,34],"tags":[],"class_list":["post-52574","post","type-post","status-publish","format-standard","has-post-thumbnail","hentry","category-destacado","category-nacional"],"_links":{"self":[{"href":"https:\/\/elinformante.mx\/index.php?rest_route=\/wp\/v2\/posts\/52574","targetHints":{"allow":["GET"]}}],"collection":[{"href":"https:\/\/elinformante.mx\/index.php?rest_route=\/wp\/v2\/posts"}],"about":[{"href":"https:\/\/elinformante.mx\/index.php?rest_route=\/wp\/v2\/types\/post"}],"author":[{"embeddable":true,"href":"https:\/\/elinformante.mx\/index.php?rest_route=\/wp\/v2\/users\/1"}],"replies":[{"embeddable":true,"href":"https:\/\/elinformante.mx\/index.php?rest_route=%2Fwp%2Fv2%2Fcomments&post=52574"}],"version-history":[{"count":0,"href":"https:\/\/elinformante.mx\/index.php?rest_route=\/wp\/v2\/posts\/52574\/revisions"}],"wp:featuredmedia":[{"embeddable":true,"href":"https:\/\/elinformante.mx\/index.php?rest_route=\/wp\/v2\/media\/52575"}],"wp:attachment":[{"href":"https:\/\/elinformante.mx\/index.php?rest_route=%2Fwp%2Fv2%2Fmedia&parent=52574"}],"wp:term":[{"taxonomy":"category","embeddable":true,"href":"https:\/\/elinformante.mx\/index.php?rest_route=%2Fwp%2Fv2%2Fcategories&post=52574"},{"taxonomy":"post_tag","embeddable":true,"href":"https:\/\/elinformante.mx\/index.php?rest_route=%2Fwp%2Fv2%2Ftags&post=52574"}],"curies":[{"name":"wp","href":"https:\/\/api.w.org\/{rel}","templated":true}]}}