{"id":53121,"date":"2024-04-30T07:15:46","date_gmt":"2024-04-30T13:15:46","guid":{"rendered":"https:\/\/elinformante.mx\/?p=53121"},"modified":"2024-04-30T07:15:47","modified_gmt":"2024-04-30T13:15:47","slug":"ciudad-universitaria-es-historia-y-simbolo-de-identidad-de-la-uaemex","status":"publish","type":"post","link":"https:\/\/elinformante.mx\/?p=53121","title":{"rendered":"Ciudad Universitaria es historia y s\u00edmbolo de identidad de la UAEM\u00e9x"},"content":{"rendered":"\n<blockquote class=\"wp-block-quote is-layout-flow wp-block-quote-is-layout-flow\">\n<p>Se inaugur\u00f3 la exposici\u00f3n fotogr\u00e1fica \u201c60 a\u00f1os de Ciudad Universitaria\u201d, en el Museo Universitario \u201cLeopoldo Flores\u201d de la Universidad Aut\u00f3noma del Estado de M\u00e9xico (UAEM\u00e9x).<\/p>\n<\/blockquote>\n\n\n\n<p>Con el prop\u00f3sito de reconocer y celebrar las seis d\u00e9cadas de la historia universitaria dentro del Cerro de Coatepec, se inaugur\u00f3 la exposici\u00f3n fotogr\u00e1fica \u201c60 a\u00f1os de Ciudad Universitaria\u201d en el Museo Universitario \u201cLeopoldo Flores\u201d de la Universidad Aut\u00f3noma del Estado de M\u00e9xico (UAEM\u00e9x), la cual ser\u00e1 exhibida en el Corredor Cultural Universitario.<br><\/p>\n\n\n\n<p>En presencia del rector de la Aut\u00f3noma mexiquense, Carlos Eduardo Barrera D\u00edaz, la secretaria de Difusi\u00f3n Cultural, Mar\u00eda de las Mercedes Portilla Luja resalt\u00f3 que esta muestra fotogr\u00e1fica se compone de 60 im\u00e1genes exhibidas en el Corredor Cultural Universitario ubicado sobre las calles Jes\u00fas Carranza, Venustiano Carranza, Mariano Matamoros y Paseo Tollocan de la ciudad de Toluca, que retratan a las comunidades de las diferentes Facultades que integran a Ciudad Universitaria, quienes han pasado a la historia como un gran s\u00edmbolo de identidad.<br><\/p>\n\n\n\n<p>El Cerro de Coatepec, mencion\u00f3, se ha convertido en un espacio de gran valor cultural por las grandes exposiciones de arte que lo conforman, como la esfinge de Adolfo L\u00f3pez Mateos, quien el 5 de noviembre de 1964 inaugur\u00f3 este espacio al atender las inquietudes de las juventudes por crear nuevos espacios destinados a la educaci\u00f3n; la Esfera Cu\u00e1ntica ubicada en Plaza \u201cSebasti\u00e1n\u201d, as\u00ed como las obras del artista Leopoldo Flores, como Aratm\u00f3sfera, el Hombre Universal y Los 4 Elementos, que son parte de la arquitectura universitaria.<br><\/p>\n\n\n\n<figure class=\"wp-block-image size-large\"><img fetchpriority=\"high\" decoding=\"async\" width=\"1024\" height=\"503\" src=\"https:\/\/elinformante.mx\/wp-content\/uploads\/2024\/04\/11.2UAEM-9-1024x503.jpg\" alt=\"\" class=\"wp-image-53123\" srcset=\"https:\/\/elinformante.mx\/wp-content\/uploads\/2024\/04\/11.2UAEM-9-1024x503.jpg 1024w, https:\/\/elinformante.mx\/wp-content\/uploads\/2024\/04\/11.2UAEM-9-300x147.jpg 300w, https:\/\/elinformante.mx\/wp-content\/uploads\/2024\/04\/11.2UAEM-9-768x377.jpg 768w, https:\/\/elinformante.mx\/wp-content\/uploads\/2024\/04\/11.2UAEM-9-580x285.jpg 580w, https:\/\/elinformante.mx\/wp-content\/uploads\/2024\/04\/11.2UAEM-9-860x422.jpg 860w, https:\/\/elinformante.mx\/wp-content\/uploads\/2024\/04\/11.2UAEM-9.jpg 1140w\" sizes=\"(max-width: 1024px) 100vw, 1024px\" \/><\/figure>\n\n\n\n<p>En este sentido, Portilla Luja destac\u00f3 la indispensable cooperaci\u00f3n de las y los cronistas de los espacios acad\u00e9micos y culturales de Ciudad Universitaria para la creaci\u00f3n de esta exposici\u00f3n, quienes son pieza fundamental para el conocimiento hist\u00f3rico de la UAEM\u00e9x.<br><\/p>\n\n\n\n<p>\u201cCada imagen es un recordatorio de lo que somos y hemos construido en tantos a\u00f1os. A trav\u00e9s de la cultura, nos complace mostrar la evoluci\u00f3n de nuestra Ciudad Universitaria, siendo testimonio gr\u00e1fico de historia de nuestra UAEM\u00e9x\u201d<br><\/p>\n\n\n\n<p>Durante la ceremonia, tambi\u00e9n se llev\u00f3 a cabo un recorrido y demostraci\u00f3n con realidad aumentada de la muestra fotogr\u00e1fica por parte de la comunidad de la Facultad de Artes. Asimismo, se dio una degustaci\u00f3n gastron\u00f3mica por integrantes de la Facultad de Turismo y Gastronom\u00eda, con bocadillos inspirados en la historia de Ciudad Universitaria.\u00a0<br><\/p>\n\n\n\n<p>Al acto inaugural, tambi\u00e9n asistieron el Secretario de Rector\u00eda, Marco Aurelio Cienfuegos Terr\u00f3n; el director de la Facultad de Turismo y Gastronom\u00eda, Ricardo Hern\u00e1ndez L\u00f3pez; la directora de la Facultad de Artes, Ana Lilia Cruz Pais; integrantes del Gabinete Universitario; Gabinete y Directores de todos los espacios universitarios de Ciudad Universitaria; los Colegios de Directores y de Cronistas de la UAEM\u00e9x y la comunidad universitaria.<\/p>\n","protected":false},"excerpt":{"rendered":"<p>Se inaugur\u00f3 la exposici\u00f3n fotogr\u00e1fica \u201c60 a\u00f1os de Ciudad Universitaria\u201d, en el Museo Universitario \u201cLeopoldo Flores\u201d de la Universidad Aut\u00f3noma del Estado de M\u00e9xico (UAEM\u00e9x). Con el prop\u00f3sito de reconocer y celebrar las seis d\u00e9cadas de la historia universitaria dentro del Cerro de Coatepec, se inaugur\u00f3 la exposici\u00f3n fotogr\u00e1fica \u201c60 a\u00f1os de Ciudad Universitaria\u201d en [&hellip;]<\/p>\n","protected":false},"author":1,"featured_media":53122,"comment_status":"closed","ping_status":"closed","sticky":false,"template":"","format":"standard","meta":{"footnotes":""},"categories":[30,36],"tags":[],"class_list":["post-53121","post","type-post","status-publish","format-standard","has-post-thumbnail","hentry","category-destacado","category-edomex"],"_links":{"self":[{"href":"https:\/\/elinformante.mx\/index.php?rest_route=\/wp\/v2\/posts\/53121","targetHints":{"allow":["GET"]}}],"collection":[{"href":"https:\/\/elinformante.mx\/index.php?rest_route=\/wp\/v2\/posts"}],"about":[{"href":"https:\/\/elinformante.mx\/index.php?rest_route=\/wp\/v2\/types\/post"}],"author":[{"embeddable":true,"href":"https:\/\/elinformante.mx\/index.php?rest_route=\/wp\/v2\/users\/1"}],"replies":[{"embeddable":true,"href":"https:\/\/elinformante.mx\/index.php?rest_route=%2Fwp%2Fv2%2Fcomments&post=53121"}],"version-history":[{"count":0,"href":"https:\/\/elinformante.mx\/index.php?rest_route=\/wp\/v2\/posts\/53121\/revisions"}],"wp:featuredmedia":[{"embeddable":true,"href":"https:\/\/elinformante.mx\/index.php?rest_route=\/wp\/v2\/media\/53122"}],"wp:attachment":[{"href":"https:\/\/elinformante.mx\/index.php?rest_route=%2Fwp%2Fv2%2Fmedia&parent=53121"}],"wp:term":[{"taxonomy":"category","embeddable":true,"href":"https:\/\/elinformante.mx\/index.php?rest_route=%2Fwp%2Fv2%2Fcategories&post=53121"},{"taxonomy":"post_tag","embeddable":true,"href":"https:\/\/elinformante.mx\/index.php?rest_route=%2Fwp%2Fv2%2Ftags&post=53121"}],"curies":[{"name":"wp","href":"https:\/\/api.w.org\/{rel}","templated":true}]}}