{"id":53125,"date":"2024-04-30T07:19:16","date_gmt":"2024-04-30T13:19:16","guid":{"rendered":"https:\/\/elinformante.mx\/?p=53125"},"modified":"2024-04-30T07:19:17","modified_gmt":"2024-04-30T13:19:17","slug":"presentan-equipo-de-trabajo-de-imss-bienestar-del-edomex","status":"publish","type":"post","link":"https:\/\/elinformante.mx\/?p=53125","title":{"rendered":"Presentan equipo de trabajo de IMSS-Bienestar del Edom\u00e9x"},"content":{"rendered":"\n<blockquote class=\"wp-block-quote is-layout-flow wp-block-quote-is-layout-flow\">\n<p>El objetivo es contar con un sector m\u00e1s s\u00f3lido y eficiente que brinde servicios de salud p\u00fablicos y gratuitos.<\/p>\n<\/blockquote>\n\n\n\n<p>A fin de continuar con la implementaci\u00f3n del programa IMSS-Bienestar en el Estado de M\u00e9xico, el cual tiene como objetivo elevar la calidad de los servicios de salud que se brinda a las y los mexiquenses, se llev\u00f3 a cabo la presentaci\u00f3n del equipo que trabajar\u00e1 de la mano con el personal de rector\u00eda del Instituto de Salud del Estado de M\u00e9xico (ISEM) en el proceso de transici\u00f3n de los servicios estatales para la atenci\u00f3n de la salud p\u00fablica, gratuita, universal y de calidad.<br><\/p>\n\n\n\n<p>En reuni\u00f3n de trabajo, la Secretaria de Salud de la entidad, Macarena Montoya Olvera, acompa\u00f1ada por los directivos de las diversas \u00e1reas del ISEM, se\u00f1al\u00f3 que con la rector\u00eda de la dependencia que encabeza, la consolidaci\u00f3n de los servicios de salud bajo el esquema de IMSS-Bienestar, permitir\u00e1 contar con un sector m\u00e1s s\u00f3lido y eficiente para las y los mexiquenses.<br><\/p>\n\n\n\n<p>Asimismo, precis\u00f3 que se trabajar\u00e1 de manera coordinada con Guadalupe Guerrero Avenda\u00f1o, responsable estatal de IMSS-Bienestar y los equipos de trabajo, con el objetivo de que la transformaci\u00f3n del sistema de salud responda con eficiencia a una de las demandas m\u00e1s sentidas de la poblaci\u00f3n, sobre todo para quienes carecen de seguridad social y que en la entidad se estima alrededor de 9 millones de personas.<br><\/p>\n\n\n\n<figure class=\"wp-block-image size-large\"><img fetchpriority=\"high\" decoding=\"async\" width=\"1024\" height=\"503\" src=\"https:\/\/elinformante.mx\/wp-content\/uploads\/2024\/04\/7.2IMSS-1-1024x503.jpg\" alt=\"\" class=\"wp-image-53127\" srcset=\"https:\/\/elinformante.mx\/wp-content\/uploads\/2024\/04\/7.2IMSS-1-1024x503.jpg 1024w, https:\/\/elinformante.mx\/wp-content\/uploads\/2024\/04\/7.2IMSS-1-300x147.jpg 300w, https:\/\/elinformante.mx\/wp-content\/uploads\/2024\/04\/7.2IMSS-1-768x377.jpg 768w, https:\/\/elinformante.mx\/wp-content\/uploads\/2024\/04\/7.2IMSS-1-580x285.jpg 580w, https:\/\/elinformante.mx\/wp-content\/uploads\/2024\/04\/7.2IMSS-1-860x422.jpg 860w, https:\/\/elinformante.mx\/wp-content\/uploads\/2024\/04\/7.2IMSS-1.jpg 1140w\" sizes=\"(max-width: 1024px) 100vw, 1024px\" \/><\/figure>\n\n\n\n<p>Por su parte, Guerrero Avenda\u00f1o expres\u00f3 que la federalizaci\u00f3n de los servicios estatales de salud es una tarea de suma importancia para garantizar abasto oportuno y suficiente de medicamentos, material de curaci\u00f3n e insumo, contar con infraestructura adecuada y personal profesional y comprometido con el bienestar de las y los mexiquenses.<br><\/p>\n\n\n\n<p>Las y los profesionales que integran el equipo de IMSS-Bienestar en la entidad, se coordinar\u00e1n con las y los directivos de las diversas \u00e1reas del ISEM, a fin de operar los servicios de las unidades m\u00e9dicas con recurso federalizado para coadyuvar de manera conjunta en el fortalecimiento de la red hospitalaria, el acceso a servicios de calidad y el derecho a la salud p\u00fablica, gratuita y de calidad.<\/p>\n","protected":false},"excerpt":{"rendered":"<p>El objetivo es contar con un sector m\u00e1s s\u00f3lido y eficiente que brinde servicios de salud p\u00fablicos y gratuitos. A fin de continuar con la implementaci\u00f3n del programa IMSS-Bienestar en el Estado de M\u00e9xico, el cual tiene como objetivo elevar la calidad de los servicios de salud que se brinda a las y los mexiquenses, [&hellip;]<\/p>\n","protected":false},"author":1,"featured_media":53126,"comment_status":"closed","ping_status":"closed","sticky":false,"template":"","format":"standard","meta":{"footnotes":""},"categories":[36],"tags":[],"class_list":["post-53125","post","type-post","status-publish","format-standard","has-post-thumbnail","hentry","category-edomex"],"_links":{"self":[{"href":"https:\/\/elinformante.mx\/index.php?rest_route=\/wp\/v2\/posts\/53125","targetHints":{"allow":["GET"]}}],"collection":[{"href":"https:\/\/elinformante.mx\/index.php?rest_route=\/wp\/v2\/posts"}],"about":[{"href":"https:\/\/elinformante.mx\/index.php?rest_route=\/wp\/v2\/types\/post"}],"author":[{"embeddable":true,"href":"https:\/\/elinformante.mx\/index.php?rest_route=\/wp\/v2\/users\/1"}],"replies":[{"embeddable":true,"href":"https:\/\/elinformante.mx\/index.php?rest_route=%2Fwp%2Fv2%2Fcomments&post=53125"}],"version-history":[{"count":0,"href":"https:\/\/elinformante.mx\/index.php?rest_route=\/wp\/v2\/posts\/53125\/revisions"}],"wp:featuredmedia":[{"embeddable":true,"href":"https:\/\/elinformante.mx\/index.php?rest_route=\/wp\/v2\/media\/53126"}],"wp:attachment":[{"href":"https:\/\/elinformante.mx\/index.php?rest_route=%2Fwp%2Fv2%2Fmedia&parent=53125"}],"wp:term":[{"taxonomy":"category","embeddable":true,"href":"https:\/\/elinformante.mx\/index.php?rest_route=%2Fwp%2Fv2%2Fcategories&post=53125"},{"taxonomy":"post_tag","embeddable":true,"href":"https:\/\/elinformante.mx\/index.php?rest_route=%2Fwp%2Fv2%2Ftags&post=53125"}],"curies":[{"name":"wp","href":"https:\/\/api.w.org\/{rel}","templated":true}]}}